{"id":4581,"date":"2019-10-17T11:20:28","date_gmt":"2019-10-17T11:20:28","guid":{"rendered":"http:\/\/www.obispadorqta.org.ar\/v3\/?p=4581"},"modified":"2019-10-17T12:09:23","modified_gmt":"2019-10-17T12:09:23","slug":"noticias-del-obispo-diocesano","status":"publish","type":"post","link":"https:\/\/www.obispadorqta.org.ar\/v3\/noticias-del-obispo-diocesano\/","title":{"rendered":"Noticias del Obispo Diocesano"},"content":{"rendered":"<p><span style=\"color: #000000;\">Queridos hermanos y hermanas:<\/span><\/p>\n<p style=\"text-align: justify;\"><span style=\"color: #000000;\">Ya transcurrida la primera parte del S\u00ednodo Panamaz\u00f3nico, quiero expresarles mi comuni\u00f3n a la distancia. Siento su afecto y su oraci\u00f3n. Tambi\u00e9n oro por ustedes, por cada uno, por las comunidades, por sus intenciones especiales; en estos d\u00edas, de un modo especial, rezo por la salud del P. N\u00e9stor Vera.<\/span><br \/>\n<span style=\"color: #000000;\">La experiencia del S\u00ednodo es un don de Dios en mi ministerio episcopal y creo que tambi\u00e9n para la Iglesia de Reconquista. Se trata de un encuentro eclesial intenso, fraterno. Nos mueve a la escucha y al discernimiento. En algunos momentos experimentamos que la realidad es demasiado dif\u00edcil para responder con nuestras fuerzas. Eso nos permite abrirnos y confiar m\u00e1s en la gracia.<\/span><br \/>\n<span style=\"color: #000000;\">El Santo Padre est\u00e1 con nosotros. Habla poco, escucha mucho. Dos o tres veces ha intervenido y nos ha conmovido, y nos ha reorientado en nuestros debates.<\/span><br \/>\n<span style=\"color: #000000;\">Querida comunidad diocesana: viviendo esta experiencia quiero decirles que hacer un camino sinodal no es un sue\u00f1o, es posible. Es muy bello caminar juntos y buscar juntos nuevos caminos de evangelizaci\u00f3n. Por otra parte, les pido considerar seriamente algunos de los lineamientos principales del S\u00ednodo, que aunque se refieren a la Amazonia, tiene mucho que ver con nosotros y todo el planeta: el grito de la tierra y el clamor de los m\u00e1s pobres.<\/span><br \/>\n<span style=\"color: #000000;\">Les pido que sigan rezando por nosotros, que especialmente oren por m\u00ed, para que mi presencia y mi modesto aporte sean fecundos para la Iglesia y nuestra casa com\u00fan. Un saludo especial para mis hermanos ind\u00edgenas. Desde el lugar donde derramaron su sangre los santos ap\u00f3stoles Pedro y Pablo, columnas de la Iglesia, les env\u00edo un saludo afectuoso y mi bendici\u00f3n.<\/span><\/p>\n<p style=\"text-align: right;\"><span style=\"color: #000000;\">+ Mons. \u00c1ngel Jos\u00e9 Mac\u00edn<\/span><br \/>\n<span style=\"color: #000000;\">Obispo de Reconquista<\/span><\/p>\n<p>&nbsp;<\/p>\n<p>&nbsp;<\/p>\n<p>&nbsp;<\/p>\n","protected":false},"excerpt":{"rendered":"<div class=\"mh-excerpt\"><p>Queridos hermanos y hermanas: Ya transcurrida la primera parte del S\u00ednodo Panamaz\u00f3nico, quiero expresarles mi comuni\u00f3n a la distancia. Siento su afecto y su oraci\u00f3n. <a class=\"mh-excerpt-more\" href=\"https:\/\/www.obispadorqta.org.ar\/v3\/noticias-del-obispo-diocesano\/\" title=\"Noticias del Obispo Diocesano\">[&#8230;]<\/a><\/p>\n<\/div>","protected":false},"author":3,"featured_media":4582,"comment_status":"closed","ping_status":"open","sticky":false,"template":"","format":"standard","meta":{"footnotes":""},"categories":[6,28],"tags":[],"class_list":["post-4581","post","type-post","status-publish","format-standard","has-post-thumbnail","hentry","category-news","category-latest-news"],"_links":{"self":[{"href":"https:\/\/www.obispadorqta.org.ar\/v3\/wp-json\/wp\/v2\/posts\/4581","targetHints":{"allow":["GET"]}}],"collection":[{"href":"https:\/\/www.obispadorqta.org.ar\/v3\/wp-json\/wp\/v2\/posts"}],"about":[{"href":"https:\/\/www.obispadorqta.org.ar\/v3\/wp-json\/wp\/v2\/types\/post"}],"author":[{"embeddable":true,"href":"https:\/\/www.obispadorqta.org.ar\/v3\/wp-json\/wp\/v2\/users\/3"}],"replies":[{"embeddable":true,"href":"https:\/\/www.obispadorqta.org.ar\/v3\/wp-json\/wp\/v2\/comments?post=4581"}],"version-history":[{"count":2,"href":"https:\/\/www.obispadorqta.org.ar\/v3\/wp-json\/wp\/v2\/posts\/4581\/revisions"}],"predecessor-version":[{"id":4584,"href":"https:\/\/www.obispadorqta.org.ar\/v3\/wp-json\/wp\/v2\/posts\/4581\/revisions\/4584"}],"wp:featuredmedia":[{"embeddable":true,"href":"https:\/\/www.obispadorqta.org.ar\/v3\/wp-json\/wp\/v2\/media\/4582"}],"wp:attachment":[{"href":"https:\/\/www.obispadorqta.org.ar\/v3\/wp-json\/wp\/v2\/media?parent=4581"}],"wp:term":[{"taxonomy":"category","embeddable":true,"href":"https:\/\/www.obispadorqta.org.ar\/v3\/wp-json\/wp\/v2\/categories?post=4581"},{"taxonomy":"post_tag","embeddable":true,"href":"https:\/\/www.obispadorqta.org.ar\/v3\/wp-json\/wp\/v2\/tags?post=4581"}],"curies":[{"name":"wp","href":"https:\/\/api.w.org\/{rel}","templated":true}]}}