{"id":4585,"date":"2019-10-17T14:13:04","date_gmt":"2019-10-17T14:13:04","guid":{"rendered":"http:\/\/www.obispadorqta.org.ar\/v3\/?p=4585"},"modified":"2019-10-17T14:14:29","modified_gmt":"2019-10-17T14:14:29","slug":"salud-del-padre-nestor-vera","status":"publish","type":"post","link":"https:\/\/www.obispadorqta.org.ar\/v3\/salud-del-padre-nestor-vera\/","title":{"rendered":"Salud del Padre N\u00e9stor Vera"},"content":{"rendered":"<p style=\"text-align: justify;\"><span style=\"color: #000000;\">Compartimos las palabras del Padre N\u00e9stor Vera sobre el estado de su salud:<\/span><\/p>\n<p style=\"text-align: justify;\"><em><b>Sal\u00ed muy feliz de la consulta con la m\u00e9dica, si bien hay un problema, es superable! Es un mieloma, el cual requiere tratamiento de quimioterapia, pero no afecto a otros \u00f3rganos y la m\u00e9dica me dice que es controlable, debo cuidarme pero hacer, despu\u00e9s del tratamiento, vida normal!<\/b><\/em><br \/>\n<em><strong>Les agradezco de coraz\u00f3n todo si cari\u00f1o y oraci\u00f3n, sigan rezando y los quiero mucho!! Me siento feliz!<\/strong><\/em><\/p>\n","protected":false},"excerpt":{"rendered":"<div class=\"mh-excerpt\"><p>Compartimos las palabras del Padre N\u00e9stor Vera sobre el estado de su salud: Sal\u00ed muy feliz de la consulta con la m\u00e9dica, si bien hay <a class=\"mh-excerpt-more\" href=\"https:\/\/www.obispadorqta.org.ar\/v3\/salud-del-padre-nestor-vera\/\" title=\"Salud del Padre N\u00e9stor Vera\">[&#8230;]<\/a><\/p>\n<\/div>","protected":false},"author":3,"featured_media":4586,"comment_status":"closed","ping_status":"open","sticky":false,"template":"","format":"standard","meta":{"footnotes":""},"categories":[6,28],"tags":[],"class_list":["post-4585","post","type-post","status-publish","format-standard","has-post-thumbnail","hentry","category-news","category-latest-news"],"_links":{"self":[{"href":"https:\/\/www.obispadorqta.org.ar\/v3\/wp-json\/wp\/v2\/posts\/4585","targetHints":{"allow":["GET"]}}],"collection":[{"href":"https:\/\/www.obispadorqta.org.ar\/v3\/wp-json\/wp\/v2\/posts"}],"about":[{"href":"https:\/\/www.obispadorqta.org.ar\/v3\/wp-json\/wp\/v2\/types\/post"}],"author":[{"embeddable":true,"href":"https:\/\/www.obispadorqta.org.ar\/v3\/wp-json\/wp\/v2\/users\/3"}],"replies":[{"embeddable":true,"href":"https:\/\/www.obispadorqta.org.ar\/v3\/wp-json\/wp\/v2\/comments?post=4585"}],"version-history":[{"count":2,"href":"https:\/\/www.obispadorqta.org.ar\/v3\/wp-json\/wp\/v2\/posts\/4585\/revisions"}],"predecessor-version":[{"id":4588,"href":"https:\/\/www.obispadorqta.org.ar\/v3\/wp-json\/wp\/v2\/posts\/4585\/revisions\/4588"}],"wp:featuredmedia":[{"embeddable":true,"href":"https:\/\/www.obispadorqta.org.ar\/v3\/wp-json\/wp\/v2\/media\/4586"}],"wp:attachment":[{"href":"https:\/\/www.obispadorqta.org.ar\/v3\/wp-json\/wp\/v2\/media?parent=4585"}],"wp:term":[{"taxonomy":"category","embeddable":true,"href":"https:\/\/www.obispadorqta.org.ar\/v3\/wp-json\/wp\/v2\/categories?post=4585"},{"taxonomy":"post_tag","embeddable":true,"href":"https:\/\/www.obispadorqta.org.ar\/v3\/wp-json\/wp\/v2\/tags?post=4585"}],"curies":[{"name":"wp","href":"https:\/\/api.w.org\/{rel}","templated":true}]}}