{"id":4600,"date":"2019-11-03T12:16:46","date_gmt":"2019-11-03T15:16:46","guid":{"rendered":"http:\/\/www.obispadorqta.org.ar\/v3\/?p=4600"},"modified":"2023-08-22T11:54:40","modified_gmt":"2023-08-22T14:54:40","slug":"118o-asamblea-plenaria-cea","status":"publish","type":"post","link":"https:\/\/www.obispadorqta.org.ar\/v3\/118o-asamblea-plenaria-cea\/","title":{"rendered":"118\u00ba Asamblea Plenaria CEA"},"content":{"rendered":"<p style=\"text-align: justify;\"><span style=\"color: #000000;\">El Obispo Diocesano, Mons. \u00c1ngel Jos\u00e9 Mac\u00edn, participara del 04 al 9 de noviembre de la 118\u00b0 Asamblea Plenaria de la Conferencia Episcopal Argentina CEA. La misma se realizar\u00e1 en la casa de ejercicios El Cen\u00e1culo (La Montonera) en Pilar y ser\u00e1 presidida por monse\u00f1or Oscar Vicente Ojea, obispo de San Isidro.<\/span><\/p>\n<p style=\"text-align: justify;\"><span style=\"color: #000000;\">A lo largo de la semana los obispos abordar\u00e1n diferentes temas sobre la realidad pastoral del pa\u00eds y las sesiones comenzar\u00e1 el lunes 04, a las 16 hs., con la misa de apertura presidida por monse\u00f1or Ojea.<\/span><\/p>\n<p style=\"text-align: justify;\"><span style=\"color: #000000;\">Al comienzo del plenario estar\u00e1 presente la imagen de la Virgen de Luj\u00e1n que llego a la Argentina el domingo 3 de noviembre. Esta imagen que acompa\u00f1\u00f3 a los soldados en las Islas Malvinas, permaneci\u00f3 en la catedral castrense San Miguel y San Jorge en la ciudad inglesa de Aldershot durante 37 a\u00f1os y fue entregada de manos del obispo castrense ingl\u00e9s, monse\u00f1or Paul Mason a monse\u00f1or Santiago Olivera, obispo castrense argentino, en Roma.<\/span><\/p>\n<p style=\"text-align: justify;\"><span style=\"color: #000000;\">En la primera parte de la semana recibir\u00e1n la visita de padre Hans Zollner SJ, actual presidente del \u00abCentre for Child Protection\u00bb de la Pontificia Universidad Gregoriana y director y profesor del Instituto de Psicolog\u00eda en la citada Universidad. Miembro del Pontificio Consejo para la Protecci\u00f3n de los menores, de la Santa Sede.<\/span><\/p>\n<p style=\"text-align: justify;\"><span style=\"color: #000000;\">Los obispos seguir\u00e1n trabajando sobre los criterios para la prevenci\u00f3n de los delitos de abusos sexuales en la Iglesia, y profundizando las directivas de la Santa Sede, sobre todo para su aplicaci\u00f3n en la Argentina.<\/span><\/p>\n<p style=\"text-align: justify;\"><span style=\"color: #000000;\">Asimismo, abordar\u00e1n temas referidos al Congreso Mariano que se desarrollar\u00e1 el a\u00f1o pr\u00f3ximo en Catamarca y la continuidad en la elaboraci\u00f3n del Catecismo Argentino, mientras que Mons. Mac\u00edn junto a Mons. Ojeda, brindaran informaci\u00f3n sobre las reflexiones y propuestas surgidas del S\u00ednodo para el Amazon\u00eda, donde fueron convocados por el Papa Francisco. <\/span><\/p>\n<p style=\"text-align: justify;\"><span style=\"color: #000000;\">\u201cInvitamos al pueblo de Dios a rezar a Nuestra Se\u00f1ora de Lujan por los pastores reunidos, para que el Esp\u00edritu Santo los asista y acompa\u00f1e en esta semana\u201d, piden los obispos.<\/span><\/p>\n","protected":false},"excerpt":{"rendered":"<div class=\"mh-excerpt\"><p>El Obispo Diocesano, Mons. \u00c1ngel Jos\u00e9 Mac\u00edn, participara del 04 al 9 de noviembre de la 118\u00b0 Asamblea Plenaria de la Conferencia Episcopal Argentina CEA. <a class=\"mh-excerpt-more\" href=\"https:\/\/www.obispadorqta.org.ar\/v3\/118o-asamblea-plenaria-cea\/\" title=\"118\u00ba Asamblea Plenaria CEA\">[&#8230;]<\/a><\/p>\n<\/div>","protected":false},"author":3,"featured_media":4601,"comment_status":"closed","ping_status":"open","sticky":false,"template":"","format":"standard","meta":{"footnotes":""},"categories":[6,28],"tags":[],"class_list":["post-4600","post","type-post","status-publish","format-standard","has-post-thumbnail","hentry","category-news","category-latest-news"],"_links":{"self":[{"href":"https:\/\/www.obispadorqta.org.ar\/v3\/wp-json\/wp\/v2\/posts\/4600","targetHints":{"allow":["GET"]}}],"collection":[{"href":"https:\/\/www.obispadorqta.org.ar\/v3\/wp-json\/wp\/v2\/posts"}],"about":[{"href":"https:\/\/www.obispadorqta.org.ar\/v3\/wp-json\/wp\/v2\/types\/post"}],"author":[{"embeddable":true,"href":"https:\/\/www.obispadorqta.org.ar\/v3\/wp-json\/wp\/v2\/users\/3"}],"replies":[{"embeddable":true,"href":"https:\/\/www.obispadorqta.org.ar\/v3\/wp-json\/wp\/v2\/comments?post=4600"}],"version-history":[{"count":1,"href":"https:\/\/www.obispadorqta.org.ar\/v3\/wp-json\/wp\/v2\/posts\/4600\/revisions"}],"predecessor-version":[{"id":4602,"href":"https:\/\/www.obispadorqta.org.ar\/v3\/wp-json\/wp\/v2\/posts\/4600\/revisions\/4602"}],"wp:featuredmedia":[{"embeddable":true,"href":"https:\/\/www.obispadorqta.org.ar\/v3\/wp-json\/wp\/v2\/media\/4601"}],"wp:attachment":[{"href":"https:\/\/www.obispadorqta.org.ar\/v3\/wp-json\/wp\/v2\/media?parent=4600"}],"wp:term":[{"taxonomy":"category","embeddable":true,"href":"https:\/\/www.obispadorqta.org.ar\/v3\/wp-json\/wp\/v2\/categories?post=4600"},{"taxonomy":"post_tag","embeddable":true,"href":"https:\/\/www.obispadorqta.org.ar\/v3\/wp-json\/wp\/v2\/tags?post=4600"}],"curies":[{"name":"wp","href":"https:\/\/api.w.org\/{rel}","templated":true}]}}