{"id":4610,"date":"2019-11-06T12:41:45","date_gmt":"2019-11-06T12:41:45","guid":{"rendered":"http:\/\/www.obispadorqta.org.ar\/v3\/?p=4610"},"modified":"2019-11-06T12:49:31","modified_gmt":"2019-11-06T12:49:31","slug":"10-de-noviembre-jornada-nacional-del-enfermo","status":"publish","type":"post","link":"https:\/\/www.obispadorqta.org.ar\/v3\/10-de-noviembre-jornada-nacional-del-enfermo\/","title":{"rendered":"10 de Noviembre: Jornada Nacional del Enfermo"},"content":{"rendered":"<p style=\"text-align: justify;\"><span style=\"color: #000000;\">Como todos los a\u00f1os, el segundo domingo del mes de noviembre la Iglesia en Argentina celebra la <strong>Jornada Nacional del Enfermo.<\/strong> Es un d\u00eda para tener presentes y acompa\u00f1ar especialmente a nuestros hermanos que est\u00e1n atravesando un problema de salud.<\/span><\/p>\n<p style=\"text-align: justify;\"><span style=\"color: #000000;\">Es tambi\u00e9n una jornada en la cual se sensibiliza al Pueblo de Dios para acompa\u00f1ar, en el nombre de Jes\u00fas, el Buen Pastor, a quienes est\u00e1n enfermos y a sus seres queridos.<\/span><\/p>\n<p style=\"text-align: justify;\"><span style=\"color: #000000;\">El Equipo Diocesano de Pastoral de la Salud propone, en la medida de sus posibilidades, tener alg\u00fan gesto significativo con los enfermos en este d\u00eda: una misa en la que se rece de un modo especial por los enfermos y si resultara conveniente, se administre el sacramento de la unci\u00f3n a quienes lo requieran; visitas a los hospitales y hogares de ancianos; bendiciones a los enfermos; distintos modos de oraci\u00f3n por ellos, etc.<\/span><\/p>\n<p style=\"text-align: justify;\"><span style=\"color: #000000;\">La idea es, de alguna manera, acercarles el consuelo, la fortaleza y la paz que vienen de Dios.<\/span><\/p>\n<p>&nbsp;<\/p>\n<p>&nbsp;<\/p>\n<p>&nbsp;<\/p>\n","protected":false},"excerpt":{"rendered":"<div class=\"mh-excerpt\"><p>Como todos los a\u00f1os, el segundo domingo del mes de noviembre la Iglesia en Argentina celebra la Jornada Nacional del Enfermo. Es un d\u00eda para <a class=\"mh-excerpt-more\" href=\"https:\/\/www.obispadorqta.org.ar\/v3\/10-de-noviembre-jornada-nacional-del-enfermo\/\" title=\"10 de Noviembre: Jornada Nacional del Enfermo\">[&#8230;]<\/a><\/p>\n<\/div>","protected":false},"author":3,"featured_media":4616,"comment_status":"closed","ping_status":"open","sticky":false,"template":"","format":"standard","meta":{"footnotes":""},"categories":[6,28],"tags":[],"class_list":["post-4610","post","type-post","status-publish","format-standard","has-post-thumbnail","hentry","category-news","category-latest-news"],"_links":{"self":[{"href":"https:\/\/www.obispadorqta.org.ar\/v3\/wp-json\/wp\/v2\/posts\/4610","targetHints":{"allow":["GET"]}}],"collection":[{"href":"https:\/\/www.obispadorqta.org.ar\/v3\/wp-json\/wp\/v2\/posts"}],"about":[{"href":"https:\/\/www.obispadorqta.org.ar\/v3\/wp-json\/wp\/v2\/types\/post"}],"author":[{"embeddable":true,"href":"https:\/\/www.obispadorqta.org.ar\/v3\/wp-json\/wp\/v2\/users\/3"}],"replies":[{"embeddable":true,"href":"https:\/\/www.obispadorqta.org.ar\/v3\/wp-json\/wp\/v2\/comments?post=4610"}],"version-history":[{"count":4,"href":"https:\/\/www.obispadorqta.org.ar\/v3\/wp-json\/wp\/v2\/posts\/4610\/revisions"}],"predecessor-version":[{"id":4617,"href":"https:\/\/www.obispadorqta.org.ar\/v3\/wp-json\/wp\/v2\/posts\/4610\/revisions\/4617"}],"wp:featuredmedia":[{"embeddable":true,"href":"https:\/\/www.obispadorqta.org.ar\/v3\/wp-json\/wp\/v2\/media\/4616"}],"wp:attachment":[{"href":"https:\/\/www.obispadorqta.org.ar\/v3\/wp-json\/wp\/v2\/media?parent=4610"}],"wp:term":[{"taxonomy":"category","embeddable":true,"href":"https:\/\/www.obispadorqta.org.ar\/v3\/wp-json\/wp\/v2\/categories?post=4610"},{"taxonomy":"post_tag","embeddable":true,"href":"https:\/\/www.obispadorqta.org.ar\/v3\/wp-json\/wp\/v2\/tags?post=4610"}],"curies":[{"name":"wp","href":"https:\/\/api.w.org\/{rel}","templated":true}]}}