{"id":4618,"date":"2019-11-06T13:01:07","date_gmt":"2019-11-06T13:01:07","guid":{"rendered":"http:\/\/www.obispadorqta.org.ar\/v3\/?p=4618"},"modified":"2019-11-06T13:01:56","modified_gmt":"2019-11-06T13:01:56","slug":"encuentro-diocesano-de-exequias-2","status":"publish","type":"post","link":"https:\/\/www.obispadorqta.org.ar\/v3\/encuentro-diocesano-de-exequias-2\/","title":{"rendered":"Encuentro diocesano de Exequias"},"content":{"rendered":"<p style=\"text-align: justify;\">La Comisi\u00f3n diocesana de Liturgia, con motivo de la necesidad pastoral de profundizar en el servicio que se ofrece en el momento de los duelos, realizar\u00e1 un <strong>Encuentro diocesano de Exequias para todos los ministros extraordinarios<\/strong> que la est\u00e9n llevando adelante en cada parroquia, o para aquellos nuevos que fueron o ser\u00e1n instituidos. Es abierto a los laicos que est\u00e9n interesados a aprender.<\/p>\n<p style=\"text-align: justify;\">La jornada se realizar\u00e1 el s\u00e1bado 09 de noviembre de 2019 en el Sal\u00f3n de la Parroquia \u201cNuestra Se\u00f1ora de la Merced\u201d (San Mart\u00edn 610 &#8211; Avellaneda) de 15.30 a 19 hs.<\/p>\n<p style=\"text-align: justify;\">Los temas a trabajar en la misma ser\u00e1n:<br \/>\n\u2022 Liturgia de la celebraci\u00f3n.<br \/>\n\u2022 Ritual de las Exequias. (Partes pr\u00e1cticas)<\/p>\n<p style=\"text-align: justify;\"><strong><em>Este encuentro es de car\u00e1cter obligatorio para los que ya est\u00e9n ejerciendo el ministerio extraordinario.<\/em><\/strong><\/p>\n<p>&nbsp;<\/p>\n<p>&nbsp;<\/p>\n","protected":false},"excerpt":{"rendered":"<div class=\"mh-excerpt\"><p>La Comisi\u00f3n diocesana de Liturgia, con motivo de la necesidad pastoral de profundizar en el servicio que se ofrece en el momento de los duelos, <a class=\"mh-excerpt-more\" href=\"https:\/\/www.obispadorqta.org.ar\/v3\/encuentro-diocesano-de-exequias-2\/\" title=\"Encuentro diocesano de Exequias\">[&#8230;]<\/a><\/p>\n<\/div>","protected":false},"author":3,"featured_media":4619,"comment_status":"closed","ping_status":"open","sticky":false,"template":"","format":"standard","meta":{"footnotes":""},"categories":[6,28],"tags":[],"class_list":["post-4618","post","type-post","status-publish","format-standard","has-post-thumbnail","hentry","category-news","category-latest-news"],"_links":{"self":[{"href":"https:\/\/www.obispadorqta.org.ar\/v3\/wp-json\/wp\/v2\/posts\/4618","targetHints":{"allow":["GET"]}}],"collection":[{"href":"https:\/\/www.obispadorqta.org.ar\/v3\/wp-json\/wp\/v2\/posts"}],"about":[{"href":"https:\/\/www.obispadorqta.org.ar\/v3\/wp-json\/wp\/v2\/types\/post"}],"author":[{"embeddable":true,"href":"https:\/\/www.obispadorqta.org.ar\/v3\/wp-json\/wp\/v2\/users\/3"}],"replies":[{"embeddable":true,"href":"https:\/\/www.obispadorqta.org.ar\/v3\/wp-json\/wp\/v2\/comments?post=4618"}],"version-history":[{"count":2,"href":"https:\/\/www.obispadorqta.org.ar\/v3\/wp-json\/wp\/v2\/posts\/4618\/revisions"}],"predecessor-version":[{"id":4621,"href":"https:\/\/www.obispadorqta.org.ar\/v3\/wp-json\/wp\/v2\/posts\/4618\/revisions\/4621"}],"wp:featuredmedia":[{"embeddable":true,"href":"https:\/\/www.obispadorqta.org.ar\/v3\/wp-json\/wp\/v2\/media\/4619"}],"wp:attachment":[{"href":"https:\/\/www.obispadorqta.org.ar\/v3\/wp-json\/wp\/v2\/media?parent=4618"}],"wp:term":[{"taxonomy":"category","embeddable":true,"href":"https:\/\/www.obispadorqta.org.ar\/v3\/wp-json\/wp\/v2\/categories?post=4618"},{"taxonomy":"post_tag","embeddable":true,"href":"https:\/\/www.obispadorqta.org.ar\/v3\/wp-json\/wp\/v2\/tags?post=4618"}],"curies":[{"name":"wp","href":"https:\/\/api.w.org\/{rel}","templated":true}]}}