{"id":4622,"date":"2019-11-29T08:37:23","date_gmt":"2019-11-29T08:37:23","guid":{"rendered":"http:\/\/www.obispadorqta.org.ar\/v3\/?p=4622"},"modified":"2019-11-29T12:33:22","modified_gmt":"2019-11-29T12:33:22","slug":"consagracion-en-el-orden-de-las-virgenes-consagradas","status":"publish","type":"post","link":"https:\/\/www.obispadorqta.org.ar\/v3\/consagracion-en-el-orden-de-las-virgenes-consagradas\/","title":{"rendered":"CONSAGRACI\u00d3N EN EL ORDEN DE LAS V\u00cdRGENES"},"content":{"rendered":"<p style=\"text-align: justify;\"><span style=\"color: #000000;\">Quienes reciben el don de la virginidad consagrada, manifiestan a Cristo como el \u00fanico y plenamente todo. <\/span><\/p>\n<p style=\"text-align: justify;\"><span style=\"color: #000000;\">\u00c9sta vocaci\u00f3n es un don de la Iglesia y para la Iglesia. Son mujeres que, en el mundo de hoy escuchan y aceptan el llamado del Se\u00f1or a consagrarse totalmente a \u00c9l.<\/span><\/p>\n<p style=\"text-align: justify;\"><span style=\"color: #000000;\">En particular, en nuestra Di\u00f3cesis, se inicia con cinco mujeres, que despu\u00e9s de realizar un camino de discernimiento y formaci\u00f3n, <strong>celebran su consagraci\u00f3n el d\u00eda 01 de diciembre de 2019 a las 20 hs. en la Santa Misa que se celebrar\u00e1 en la Iglesia Catedral de Reconquista, presidida por Mons. \u00c1ngel Jos\u00e9 Mac\u00edn. <\/strong><\/span><\/p>\n<p style=\"text-align: justify;\"><span style=\"color: #000000;\"><strong>Mariana Andrea Trosch:<\/strong> Naci\u00f3 el 25 de junio de 1975, en Avellaneda. Desde el 2016 vive en Reconquista y es difusora de Radio Mar\u00eda.<\/span><br \/>\n<em><span style=\"color: #000000;\">\u201cSent\u00ed el llamado de seguir a Jes\u00fas consagrando mi vida a \u00c9l\u201d.<\/span><\/em><\/p>\n<p style=\"text-align: justify;\"><span style=\"color: #000000;\"><strong>Anal\u00eda Valeria Cian:<\/strong> Naci\u00f3 el 25 de abril de 1978 en Reconquista donde vive actualmente y participa en la Pastoral Vocacional Diocesana.<\/span><br \/>\n<span style=\"color: #000000;\"><em>\u201cAl insertarme en la vida de la Iglesia de Reconquista fui descubriendo el llamado de Jes\u00fas y fue creciendo el deseo de entregar mi vida cada vez m\u00e1s a \u00c9l y hoy se concreta en \u00e9sta forma de vida\u00bb<\/em> <\/span><\/p>\n<p style=\"text-align: justify;\"><span style=\"color: #000000;\"><strong>Susana Beatriz Sotelo:<\/strong> Naci\u00f3 el 27 de noviembre de 1964, en Santa Fe. Actualmente vive en Reconquista y es miembro de la Pastoral Aborigen.<\/span><br \/>\n<em><span style=\"color: #000000;\">\u201cHe vivido varios a\u00f1os como religiosa y ahora me inserto en la di\u00f3cesis de Reconquista para continuar el llamado renovado de Jes\u00fas, comprometida con los hermanos ind\u00edgenas\u00bb<\/span><\/em><\/p>\n<p style=\"text-align: justify;\"><span style=\"color: #000000;\"><strong>Ester Mar\u00eda Pinatti:<\/strong> Naci\u00f3 el 20 de diciembre de 1960, en Malabrigo. Vive actualmente en Avellaneda, donde desarrolla su actividad pastoral en la coordinaci\u00f3n de la Catequesis Familiar.<\/span><br \/>\n<em><span style=\"color: #000000;\">\u201cLuego de haber vivido en un instituto religioso, he decidido continuar el seguimiento a Jes\u00fas en \u00e9sta forma de vida consagrada, en la di\u00f3cesis de Reconquista\u00bb.<\/span><\/em><\/p>\n<p style=\"text-align: justify;\"><span style=\"color: #000000;\"><strong>Delia Argentina Piccoli:<\/strong> Naci\u00f3 el 18 de mayo de 1948, en El Piave. Vive y desempe\u00f1a su actividad pastoral en los Grupos B\u00edblicos de la Parroquia de Villa Ocampo.<\/span><br \/>\n<em><span style=\"color: #000000;\">\u201cDespu\u00e9s de una vida de entrega a los m\u00e1s pobres, siento el llamado a consagrarme a Jes\u00fas para siempre\u201d.<\/span><\/em><\/p>\n<p style=\"text-align: justify;\"><span style=\"color: #000000;\">Teniendo como modelo a Mar\u00eda Inmaculada, nos ponemos bajo su protecci\u00f3n pidi\u00e9ndole que nos ayude a ser fieles al llamado de su Hijo.<\/span><\/p>\n<p>&nbsp;<\/p>\n<p>&nbsp;<\/p>\n","protected":false},"excerpt":{"rendered":"<div class=\"mh-excerpt\"><p>Quienes reciben el don de la virginidad consagrada, manifiestan a Cristo como el \u00fanico y plenamente todo. \u00c9sta vocaci\u00f3n es un don de la Iglesia <a class=\"mh-excerpt-more\" href=\"https:\/\/www.obispadorqta.org.ar\/v3\/consagracion-en-el-orden-de-las-virgenes-consagradas\/\" title=\"CONSAGRACI\u00d3N EN EL ORDEN DE LAS V\u00cdRGENES\">[&#8230;]<\/a><\/p>\n<\/div>","protected":false},"author":3,"featured_media":4626,"comment_status":"closed","ping_status":"open","sticky":false,"template":"","format":"standard","meta":{"footnotes":""},"categories":[6,28],"tags":[],"class_list":["post-4622","post","type-post","status-publish","format-standard","has-post-thumbnail","hentry","category-news","category-latest-news"],"_links":{"self":[{"href":"https:\/\/www.obispadorqta.org.ar\/v3\/wp-json\/wp\/v2\/posts\/4622","targetHints":{"allow":["GET"]}}],"collection":[{"href":"https:\/\/www.obispadorqta.org.ar\/v3\/wp-json\/wp\/v2\/posts"}],"about":[{"href":"https:\/\/www.obispadorqta.org.ar\/v3\/wp-json\/wp\/v2\/types\/post"}],"author":[{"embeddable":true,"href":"https:\/\/www.obispadorqta.org.ar\/v3\/wp-json\/wp\/v2\/users\/3"}],"replies":[{"embeddable":true,"href":"https:\/\/www.obispadorqta.org.ar\/v3\/wp-json\/wp\/v2\/comments?post=4622"}],"version-history":[{"count":5,"href":"https:\/\/www.obispadorqta.org.ar\/v3\/wp-json\/wp\/v2\/posts\/4622\/revisions"}],"predecessor-version":[{"id":4691,"href":"https:\/\/www.obispadorqta.org.ar\/v3\/wp-json\/wp\/v2\/posts\/4622\/revisions\/4691"}],"wp:featuredmedia":[{"embeddable":true,"href":"https:\/\/www.obispadorqta.org.ar\/v3\/wp-json\/wp\/v2\/media\/4626"}],"wp:attachment":[{"href":"https:\/\/www.obispadorqta.org.ar\/v3\/wp-json\/wp\/v2\/media?parent=4622"}],"wp:term":[{"taxonomy":"category","embeddable":true,"href":"https:\/\/www.obispadorqta.org.ar\/v3\/wp-json\/wp\/v2\/categories?post=4622"},{"taxonomy":"post_tag","embeddable":true,"href":"https:\/\/www.obispadorqta.org.ar\/v3\/wp-json\/wp\/v2\/tags?post=4622"}],"curies":[{"name":"wp","href":"https:\/\/api.w.org\/{rel}","templated":true}]}}