{"id":4629,"date":"2019-11-11T15:00:08","date_gmt":"2019-11-11T15:00:08","guid":{"rendered":"http:\/\/www.obispadorqta.org.ar\/v3\/?p=4629"},"modified":"2019-11-11T15:00:30","modified_gmt":"2019-11-11T15:00:30","slug":"reunion-de-presbiterio-3","status":"publish","type":"post","link":"https:\/\/www.obispadorqta.org.ar\/v3\/reunion-de-presbiterio-3\/","title":{"rendered":"REUNI\u00d3N DE PRESBITERIO"},"content":{"rendered":"<p style=\"text-align: justify;\"><span style=\"color: #000000;\">El martes 12 de Noviembre, durante la ma\u00f1ana, se reunir\u00e1 el Presbiterio de la Di\u00f3cesis de Reconquista, presidido por el Obispo Diocesano, Mons. \u00c1ngel Jos\u00e9 Mac\u00edn, quien ha regresado recientemente de su viaje a Roma.<\/span><\/p>\n<p style=\"text-align: justify;\"><span style=\"color: #000000;\">En el mismo, el obispo compartir\u00e1 con los sacerdotes la experiencia del S\u00ednodo de la Amazon\u00eda, y luego conversar\u00e1n sobre varios aspectos de la vida pastoral, entre otros, el inicio del A\u00f1o Mariano Nacional, el pr\u00f3ximo 8 de Diciembre, y la III Jornada Mundial del Pobre, a celebrarse el pen\u00faltimo Domingo del tiempo ordinario (17 de Noviembre).<\/span><\/p>\n","protected":false},"excerpt":{"rendered":"<div class=\"mh-excerpt\"><p>El martes 12 de Noviembre, durante la ma\u00f1ana, se reunir\u00e1 el Presbiterio de la Di\u00f3cesis de Reconquista, presidido por el Obispo Diocesano, Mons. \u00c1ngel Jos\u00e9 <a class=\"mh-excerpt-more\" href=\"https:\/\/www.obispadorqta.org.ar\/v3\/reunion-de-presbiterio-3\/\" title=\"REUNI\u00d3N DE PRESBITERIO\">[&#8230;]<\/a><\/p>\n<\/div>","protected":false},"author":3,"featured_media":4431,"comment_status":"closed","ping_status":"open","sticky":false,"template":"","format":"standard","meta":{"footnotes":""},"categories":[6,1,28],"tags":[],"class_list":["post-4629","post","type-post","status-publish","format-standard","has-post-thumbnail","hentry","category-news","category-sin-categoria","category-latest-news"],"_links":{"self":[{"href":"https:\/\/www.obispadorqta.org.ar\/v3\/wp-json\/wp\/v2\/posts\/4629","targetHints":{"allow":["GET"]}}],"collection":[{"href":"https:\/\/www.obispadorqta.org.ar\/v3\/wp-json\/wp\/v2\/posts"}],"about":[{"href":"https:\/\/www.obispadorqta.org.ar\/v3\/wp-json\/wp\/v2\/types\/post"}],"author":[{"embeddable":true,"href":"https:\/\/www.obispadorqta.org.ar\/v3\/wp-json\/wp\/v2\/users\/3"}],"replies":[{"embeddable":true,"href":"https:\/\/www.obispadorqta.org.ar\/v3\/wp-json\/wp\/v2\/comments?post=4629"}],"version-history":[{"count":1,"href":"https:\/\/www.obispadorqta.org.ar\/v3\/wp-json\/wp\/v2\/posts\/4629\/revisions"}],"predecessor-version":[{"id":4630,"href":"https:\/\/www.obispadorqta.org.ar\/v3\/wp-json\/wp\/v2\/posts\/4629\/revisions\/4630"}],"wp:featuredmedia":[{"embeddable":true,"href":"https:\/\/www.obispadorqta.org.ar\/v3\/wp-json\/wp\/v2\/media\/4431"}],"wp:attachment":[{"href":"https:\/\/www.obispadorqta.org.ar\/v3\/wp-json\/wp\/v2\/media?parent=4629"}],"wp:term":[{"taxonomy":"category","embeddable":true,"href":"https:\/\/www.obispadorqta.org.ar\/v3\/wp-json\/wp\/v2\/categories?post=4629"},{"taxonomy":"post_tag","embeddable":true,"href":"https:\/\/www.obispadorqta.org.ar\/v3\/wp-json\/wp\/v2\/tags?post=4629"}],"curies":[{"name":"wp","href":"https:\/\/api.w.org\/{rel}","templated":true}]}}