{"id":4651,"date":"2019-11-21T11:22:28","date_gmt":"2019-11-21T11:22:28","guid":{"rendered":"http:\/\/www.obispadorqta.org.ar\/v3\/?p=4651"},"modified":"2019-11-21T13:14:48","modified_gmt":"2019-11-21T13:14:48","slug":"colecta-anual-para-el-apostolado-laico-6","status":"publish","type":"post","link":"https:\/\/www.obispadorqta.org.ar\/v3\/colecta-anual-para-el-apostolado-laico-6\/","title":{"rendered":"COLECTA APOSTOLADO LAICO"},"content":{"rendered":"<p style=\"text-align: justify;\"><span style=\"color: #000000;\">El pr\u00f3ximo fin de semana, con ocasi\u00f3n de la fiesta de Cristo Rey, se realiza en toda la Di\u00f3cesis la Colecta en favor del apostolado laico. Ya los sobres se est\u00e1n distribuyendo en las diferentes parroquias.<\/span><\/p>\n<p style=\"text-align: justify;\"><span style=\"color: #000000;\">Recordamos que esta colecta se hace para sostener iniciativas que tienen que ver con el trabajo laical, y tambi\u00e9n para el cuidado de la Sede Diocesana, un lugar usado por varios grupos y movimientos laicales de nuestra Iglesia Particular.<\/span><\/p>\n<p>&nbsp;<\/p>\n<p>&nbsp;<\/p>\n","protected":false},"excerpt":{"rendered":"<div class=\"mh-excerpt\"><p>El pr\u00f3ximo fin de semana, con ocasi\u00f3n de la fiesta de Cristo Rey, se realiza en toda la Di\u00f3cesis la Colecta en favor del apostolado <a class=\"mh-excerpt-more\" href=\"https:\/\/www.obispadorqta.org.ar\/v3\/colecta-anual-para-el-apostolado-laico-6\/\" title=\"COLECTA APOSTOLADO LAICO\">[&#8230;]<\/a><\/p>\n<\/div>","protected":false},"author":3,"featured_media":4663,"comment_status":"closed","ping_status":"open","sticky":false,"template":"","format":"standard","meta":{"footnotes":""},"categories":[6,28],"tags":[],"class_list":["post-4651","post","type-post","status-publish","format-standard","has-post-thumbnail","hentry","category-news","category-latest-news"],"_links":{"self":[{"href":"https:\/\/www.obispadorqta.org.ar\/v3\/wp-json\/wp\/v2\/posts\/4651","targetHints":{"allow":["GET"]}}],"collection":[{"href":"https:\/\/www.obispadorqta.org.ar\/v3\/wp-json\/wp\/v2\/posts"}],"about":[{"href":"https:\/\/www.obispadorqta.org.ar\/v3\/wp-json\/wp\/v2\/types\/post"}],"author":[{"embeddable":true,"href":"https:\/\/www.obispadorqta.org.ar\/v3\/wp-json\/wp\/v2\/users\/3"}],"replies":[{"embeddable":true,"href":"https:\/\/www.obispadorqta.org.ar\/v3\/wp-json\/wp\/v2\/comments?post=4651"}],"version-history":[{"count":5,"href":"https:\/\/www.obispadorqta.org.ar\/v3\/wp-json\/wp\/v2\/posts\/4651\/revisions"}],"predecessor-version":[{"id":4665,"href":"https:\/\/www.obispadorqta.org.ar\/v3\/wp-json\/wp\/v2\/posts\/4651\/revisions\/4665"}],"wp:featuredmedia":[{"embeddable":true,"href":"https:\/\/www.obispadorqta.org.ar\/v3\/wp-json\/wp\/v2\/media\/4663"}],"wp:attachment":[{"href":"https:\/\/www.obispadorqta.org.ar\/v3\/wp-json\/wp\/v2\/media?parent=4651"}],"wp:term":[{"taxonomy":"category","embeddable":true,"href":"https:\/\/www.obispadorqta.org.ar\/v3\/wp-json\/wp\/v2\/categories?post=4651"},{"taxonomy":"post_tag","embeddable":true,"href":"https:\/\/www.obispadorqta.org.ar\/v3\/wp-json\/wp\/v2\/tags?post=4651"}],"curies":[{"name":"wp","href":"https:\/\/api.w.org\/{rel}","templated":true}]}}