{"id":4666,"date":"2019-11-21T12:07:43","date_gmt":"2019-11-21T12:07:43","guid":{"rendered":"http:\/\/www.obispadorqta.org.ar\/v3\/?p=4666"},"modified":"2019-11-21T13:14:25","modified_gmt":"2019-11-21T13:14:25","slug":"cierre-ano-lectivo-instituto-juan-pablo-ii","status":"publish","type":"post","link":"https:\/\/www.obispadorqta.org.ar\/v3\/cierre-ano-lectivo-instituto-juan-pablo-ii\/","title":{"rendered":"CIERRE A\u00d1O LECTIVO INSTITUTO JUAN PABLO II"},"content":{"rendered":"<p style=\"text-align: justify;\"><span style=\"color: #000000;\">El d\u00eda de ayer, en las instalaciones del Colegio San Jos\u00e9, se cerr\u00f3 el ciclo lectivo del Instituto de Teolog\u00eda y Pastoral Diocesano \u00abJuan Pablo II\u00bb.<\/span><\/p>\n<p style=\"text-align: justify;\"><span style=\"color: #000000;\">El acto comenz\u00f3 con la celebraci\u00f3n de la misa, en la cual el obispo agradeci\u00f3 al P. Rolando Gonz\u00e1lez por su larga trayectoria como Director del Instituto, y al P. Gustavo Braidot por asumir con disponibilidad esta tarea. En la homil\u00eda, el obispo reflexion\u00f3 sobre teolog\u00eda y existencia cristiana, y la vocaci\u00f3n al martirio de la teolog\u00eda.<\/span><\/p>\n<p style=\"text-align: justify;\"><span style=\"color: #000000;\">Luego se hizo un sencillo acto, con entrega de certificados para los alumnos que concluyen el ciclo b\u00e1sico, y aquellos que hicieron el ciclo de especializaci\u00f3n.<\/span><\/p>\n<p style=\"text-align: justify;\"><span style=\"color: #000000;\">En el cierre se comparti\u00f3 un momento fraterno, con cena y m\u00fasica.<\/span><\/p>\n","protected":false},"excerpt":{"rendered":"<div class=\"mh-excerpt\"><p>El d\u00eda de ayer, en las instalaciones del Colegio San Jos\u00e9, se cerr\u00f3 el ciclo lectivo del Instituto de Teolog\u00eda y Pastoral Diocesano \u00abJuan Pablo <a class=\"mh-excerpt-more\" href=\"https:\/\/www.obispadorqta.org.ar\/v3\/cierre-ano-lectivo-instituto-juan-pablo-ii\/\" title=\"CIERRE A\u00d1O LECTIVO INSTITUTO JUAN PABLO II\">[&#8230;]<\/a><\/p>\n<\/div>","protected":false},"author":3,"featured_media":4668,"comment_status":"closed","ping_status":"open","sticky":false,"template":"","format":"standard","meta":{"footnotes":""},"categories":[6,28],"tags":[],"class_list":["post-4666","post","type-post","status-publish","format-standard","has-post-thumbnail","hentry","category-news","category-latest-news"],"_links":{"self":[{"href":"https:\/\/www.obispadorqta.org.ar\/v3\/wp-json\/wp\/v2\/posts\/4666","targetHints":{"allow":["GET"]}}],"collection":[{"href":"https:\/\/www.obispadorqta.org.ar\/v3\/wp-json\/wp\/v2\/posts"}],"about":[{"href":"https:\/\/www.obispadorqta.org.ar\/v3\/wp-json\/wp\/v2\/types\/post"}],"author":[{"embeddable":true,"href":"https:\/\/www.obispadorqta.org.ar\/v3\/wp-json\/wp\/v2\/users\/3"}],"replies":[{"embeddable":true,"href":"https:\/\/www.obispadorqta.org.ar\/v3\/wp-json\/wp\/v2\/comments?post=4666"}],"version-history":[{"count":1,"href":"https:\/\/www.obispadorqta.org.ar\/v3\/wp-json\/wp\/v2\/posts\/4666\/revisions"}],"predecessor-version":[{"id":4667,"href":"https:\/\/www.obispadorqta.org.ar\/v3\/wp-json\/wp\/v2\/posts\/4666\/revisions\/4667"}],"wp:featuredmedia":[{"embeddable":true,"href":"https:\/\/www.obispadorqta.org.ar\/v3\/wp-json\/wp\/v2\/media\/4668"}],"wp:attachment":[{"href":"https:\/\/www.obispadorqta.org.ar\/v3\/wp-json\/wp\/v2\/media?parent=4666"}],"wp:term":[{"taxonomy":"category","embeddable":true,"href":"https:\/\/www.obispadorqta.org.ar\/v3\/wp-json\/wp\/v2\/categories?post=4666"},{"taxonomy":"post_tag","embeddable":true,"href":"https:\/\/www.obispadorqta.org.ar\/v3\/wp-json\/wp\/v2\/tags?post=4666"}],"curies":[{"name":"wp","href":"https:\/\/api.w.org\/{rel}","templated":true}]}}