{"id":4669,"date":"2019-11-21T13:03:08","date_gmt":"2019-11-21T13:03:08","guid":{"rendered":"http:\/\/www.obispadorqta.org.ar\/v3\/?p=4669"},"modified":"2019-11-21T13:15:12","modified_gmt":"2019-11-21T13:15:12","slug":"cierre-ano-formativo-seminario-la-encarnacion","status":"publish","type":"post","link":"https:\/\/www.obispadorqta.org.ar\/v3\/cierre-ano-formativo-seminario-la-encarnacion\/","title":{"rendered":"CIERRE A\u00d1O FORMATIVO SEMINARIO \u00abLA ENCARNACI\u00d3N\u00bb"},"content":{"rendered":"<p style=\"text-align: justify;\">El pr\u00f3ximo lunes se llevar\u00e1 a cabo el cierre del a\u00f1o formativo del Seminario Interdiocesano \u00abLa Encarnaci\u00f3n\u00bb, con la celebraci\u00f3n eucar\u00edstica de las 19:30 hs.<\/p>\n<p style=\"text-align: justify;\">Asistir\u00e1 nuestro obispo diocesano, quien adem\u00e1s participa de la reuni\u00f3n de obispos responsables del seminario, y de la reuni\u00f3n de obispos del NEA.<\/p>\n<p style=\"text-align: justify;\">Est\u00e1n todos invitados a participar y a orar por el aumento de las vocaciones sacerdotales en nuestra di\u00f3cesis.<\/p>\n<p>&nbsp;<\/p>\n<p>&nbsp;<\/p>\n","protected":false},"excerpt":{"rendered":"<div class=\"mh-excerpt\"><p>El pr\u00f3ximo lunes se llevar\u00e1 a cabo el cierre del a\u00f1o formativo del Seminario Interdiocesano \u00abLa Encarnaci\u00f3n\u00bb, con la celebraci\u00f3n eucar\u00edstica de las 19:30 hs. <a class=\"mh-excerpt-more\" href=\"https:\/\/www.obispadorqta.org.ar\/v3\/cierre-ano-formativo-seminario-la-encarnacion\/\" title=\"CIERRE A\u00d1O FORMATIVO SEMINARIO \u00abLA ENCARNACI\u00d3N\u00bb\">[&#8230;]<\/a><\/p>\n<\/div>","protected":false},"author":3,"featured_media":4673,"comment_status":"closed","ping_status":"open","sticky":false,"template":"","format":"standard","meta":{"footnotes":""},"categories":[6,28],"tags":[],"class_list":["post-4669","post","type-post","status-publish","format-standard","has-post-thumbnail","hentry","category-news","category-latest-news"],"_links":{"self":[{"href":"https:\/\/www.obispadorqta.org.ar\/v3\/wp-json\/wp\/v2\/posts\/4669","targetHints":{"allow":["GET"]}}],"collection":[{"href":"https:\/\/www.obispadorqta.org.ar\/v3\/wp-json\/wp\/v2\/posts"}],"about":[{"href":"https:\/\/www.obispadorqta.org.ar\/v3\/wp-json\/wp\/v2\/types\/post"}],"author":[{"embeddable":true,"href":"https:\/\/www.obispadorqta.org.ar\/v3\/wp-json\/wp\/v2\/users\/3"}],"replies":[{"embeddable":true,"href":"https:\/\/www.obispadorqta.org.ar\/v3\/wp-json\/wp\/v2\/comments?post=4669"}],"version-history":[{"count":3,"href":"https:\/\/www.obispadorqta.org.ar\/v3\/wp-json\/wp\/v2\/posts\/4669\/revisions"}],"predecessor-version":[{"id":4675,"href":"https:\/\/www.obispadorqta.org.ar\/v3\/wp-json\/wp\/v2\/posts\/4669\/revisions\/4675"}],"wp:featuredmedia":[{"embeddable":true,"href":"https:\/\/www.obispadorqta.org.ar\/v3\/wp-json\/wp\/v2\/media\/4673"}],"wp:attachment":[{"href":"https:\/\/www.obispadorqta.org.ar\/v3\/wp-json\/wp\/v2\/media?parent=4669"}],"wp:term":[{"taxonomy":"category","embeddable":true,"href":"https:\/\/www.obispadorqta.org.ar\/v3\/wp-json\/wp\/v2\/categories?post=4669"},{"taxonomy":"post_tag","embeddable":true,"href":"https:\/\/www.obispadorqta.org.ar\/v3\/wp-json\/wp\/v2\/tags?post=4669"}],"curies":[{"name":"wp","href":"https:\/\/api.w.org\/{rel}","templated":true}]}}