{"id":4676,"date":"2019-11-24T08:14:51","date_gmt":"2019-11-24T08:14:51","guid":{"rendered":"http:\/\/www.obispadorqta.org.ar\/v3\/?p=4676"},"modified":"2019-11-24T17:28:32","modified_gmt":"2019-11-24T17:28:32","slug":"aniversario-episcopal-de-mons-angel-jose-macin","status":"publish","type":"post","link":"https:\/\/www.obispadorqta.org.ar\/v3\/aniversario-episcopal-de-mons-angel-jose-macin\/","title":{"rendered":"Aniversario Episcopal de Mons. \u00c1ngel Jos\u00e9 Mac\u00edn"},"content":{"rendered":"<p style=\"text-align: justify;\"><span style=\"color: #000000;\">En el d\u00eda de hoy, damos gracias a Dios por el 6\u00b0 Aniversario de Ordenaci\u00f3n Episcopal de nuestro obispo y pastor, Monse\u00f1or \u00c1ngel Jos\u00e9 Mac\u00edn.<\/span><\/p>\n<p style=\"text-align: justify;\"><span style=\"color: #000000;\">Como comunidad diocesana, junto a todo el presbiterio, le regalamos nuestra cercan\u00eda y oraci\u00f3n, y hacemos memoria del camino andado por el Se\u00f1or en estos a\u00f1os de su servicio episcopal a nuestra Iglesia Diocesana.<\/span><\/p>\n<p style=\"text-align: justify;\"><span style=\"color: #000000;\">Con gran afecto agradecemos su fidelidad y testimonio de vida consagrada al Se\u00f1or y a los dem\u00e1s.<\/span><\/p>\n<p style=\"text-align: justify;\"><span style=\"color: #000000;\">\u00a1Que Dios lo bendiga y acompa\u00f1e siempre!<\/span><\/p>\n<p>&nbsp;<\/p>\n<p>&nbsp;<\/p>\n","protected":false},"excerpt":{"rendered":"<div class=\"mh-excerpt\"><p>En el d\u00eda de hoy, damos gracias a Dios por el 6\u00b0 Aniversario de Ordenaci\u00f3n Episcopal de nuestro obispo y pastor, Monse\u00f1or \u00c1ngel Jos\u00e9 Mac\u00edn. <a class=\"mh-excerpt-more\" href=\"https:\/\/www.obispadorqta.org.ar\/v3\/aniversario-episcopal-de-mons-angel-jose-macin\/\" title=\"Aniversario Episcopal de Mons. \u00c1ngel Jos\u00e9 Mac\u00edn\">[&#8230;]<\/a><\/p>\n<\/div>","protected":false},"author":3,"featured_media":2164,"comment_status":"closed","ping_status":"open","sticky":false,"template":"","format":"standard","meta":{"footnotes":""},"categories":[6,28],"tags":[],"class_list":["post-4676","post","type-post","status-publish","format-standard","has-post-thumbnail","hentry","category-news","category-latest-news"],"_links":{"self":[{"href":"https:\/\/www.obispadorqta.org.ar\/v3\/wp-json\/wp\/v2\/posts\/4676","targetHints":{"allow":["GET"]}}],"collection":[{"href":"https:\/\/www.obispadorqta.org.ar\/v3\/wp-json\/wp\/v2\/posts"}],"about":[{"href":"https:\/\/www.obispadorqta.org.ar\/v3\/wp-json\/wp\/v2\/types\/post"}],"author":[{"embeddable":true,"href":"https:\/\/www.obispadorqta.org.ar\/v3\/wp-json\/wp\/v2\/users\/3"}],"replies":[{"embeddable":true,"href":"https:\/\/www.obispadorqta.org.ar\/v3\/wp-json\/wp\/v2\/comments?post=4676"}],"version-history":[{"count":2,"href":"https:\/\/www.obispadorqta.org.ar\/v3\/wp-json\/wp\/v2\/posts\/4676\/revisions"}],"predecessor-version":[{"id":4678,"href":"https:\/\/www.obispadorqta.org.ar\/v3\/wp-json\/wp\/v2\/posts\/4676\/revisions\/4678"}],"wp:featuredmedia":[{"embeddable":true,"href":"https:\/\/www.obispadorqta.org.ar\/v3\/wp-json\/wp\/v2\/media\/2164"}],"wp:attachment":[{"href":"https:\/\/www.obispadorqta.org.ar\/v3\/wp-json\/wp\/v2\/media?parent=4676"}],"wp:term":[{"taxonomy":"category","embeddable":true,"href":"https:\/\/www.obispadorqta.org.ar\/v3\/wp-json\/wp\/v2\/categories?post=4676"},{"taxonomy":"post_tag","embeddable":true,"href":"https:\/\/www.obispadorqta.org.ar\/v3\/wp-json\/wp\/v2\/tags?post=4676"}],"curies":[{"name":"wp","href":"https:\/\/api.w.org\/{rel}","templated":true}]}}