{"id":4696,"date":"2019-12-06T13:57:51","date_gmt":"2019-12-06T13:57:51","guid":{"rendered":"http:\/\/www.obispadorqta.org.ar\/v3\/?p=4696"},"modified":"2019-12-06T14:16:11","modified_gmt":"2019-12-06T14:16:11","slug":"ano-mariano-nacional","status":"publish","type":"post","link":"https:\/\/www.obispadorqta.org.ar\/v3\/ano-mariano-nacional\/","title":{"rendered":"A\u00d1O MARIANO NACIONAL"},"content":{"rendered":"<p style=\"text-align: justify;\"><span style=\"color: #000000;\">En la solemnidad de la Inmaculada Concepci\u00f3n de la Virgen Mar\u00eda que se celebrar\u00e1 este domingo 8 de diciembre, se dar\u00e1 comienzo al A\u00f1o Mariano Nacional, el cual se extender\u00e1 hasta el 8 de diciembre de 2020, el mismo se ha dispuesto para conmemorar los 400 a\u00f1os del hallazgo de la sagrada imagen de la Virgen del Valle, en el valle de Choya, Catamarca, venerada a lo largo y ancho del pa\u00eds.<\/span><\/p>\n<p style=\"text-align: justify;\"><span style=\"color: #000000;\">Es un acontecimiento de fe, oportuno para profundizar nuestra devoci\u00f3n a Mar\u00eda -bajo la advocaci\u00f3n de la Virgen del Valle-, Modelo de Vida y Misi\u00f3n de todo cristiano, en el territorio de la Di\u00f3cesis de Reconquista.<\/span><\/p>\n<p style=\"text-align: justify;\"><span style=\"color: #000000;\">La finalidad de este tiempo es renovar la vida de los fieles y que es costumbre de la Iglesia ofrecer en estos periodos, medios adecuados y propios de un a\u00f1o jubilar, como son la peregrinaci\u00f3n y las indulgencias.<\/span><\/p>\n<p style=\"text-align: justify;\"><span style=\"color: #000000;\">La apertura diocesana del A\u00f1o Mariano se realizar\u00e1 en la Parroquia \u201cInmaculada Concepci\u00f3n\u201d de Reconquista, el domingo 08 de diciembre con la celebraci\u00f3n de la santa Misa a las 20 hs. presidida por el obispo diocesano Mons. \u00c1ngel Jos\u00e9 Mac\u00edn.<\/span><\/p>\n<p><span style=\"color: #000000;\">En todas las parroquias de la di\u00f3cesis, adem\u00e1s, se har\u00e1 tambi\u00e9n la apertura parroquial del A\u00f1o Mariano, en las celebraciones de la Santa Misa de la Inmaculada Concepci\u00f3n de la Sant\u00edsima Virgen Mar\u00eda, durante ese fin de semana.<\/span><\/p>\n<p style=\"text-align: justify;\"><span style=\"color: #000000;\">El Papa Francisco ha concedido la gracia de la Indulgencia Jubilar, en la forma acostumbrada por la Iglesia, para todos los fieles que a lo largo del A\u00f1o Mariano visiten un Santuario Mariano o un templo dedicado a la Sant\u00edsima Virgen Mar\u00eda en todas las di\u00f3cesis de la Argentina.<\/span><\/p>\n<p style=\"text-align: justify;\"><span style=\"color: #000000;\">El obispo de la di\u00f3cesis de Reconquista ha dado a conocer un Decreto para la aplicaci\u00f3n en el \u00e1mbito diocesano de la gracia de las Indulgencias otorgadas por el Papa Francisco para el A\u00f1o Mariano Nacional, que se hace p\u00fablico para que los fieles conozcan c\u00f3mo, d\u00f3nde y cu\u00e1ndo pueden alcanzar esa gracia.<\/span><\/p>\n<p style=\"text-align: center;\"><span style=\"color: #000000;\"><strong>ZONA SUR:<\/strong> <\/span><br \/>\n<span style=\"color: #000000;\">&#8211; Tempo Parroquial \u201cSAN ROQUE\u201d \u2013 MARGARITA.<\/span><\/p>\n<p style=\"text-align: center;\"><strong><span style=\"color: #000000;\">ZONA CENTRO:<\/span><\/strong><br \/>\n<span style=\"color: #000000;\">&#8211; Capilla \u201cVIRGEN DEL VALLE\u201d de Siete Provincias, Parroquia \u201cVirgen del Rosario\u201d &#8211; LANTERI. <\/span><br \/>\n<span style=\"color: #000000;\">&#8211; Iglesia Catedral: \u201cINMACULADA CONCEPCI\u00d3N\u201d &#8211; RECONQUISTA.<\/span><br \/>\n<span style=\"color: #000000;\">&#8211; Capilla \u201cSAN CAYETANO\u201d Parroquia \u201cSan Roque\u201d \u2013 RECONQUISTA<\/span><\/p>\n<p style=\"text-align: center;\"><strong><span style=\"color: #000000;\">ZONA NORTE:<\/span><\/strong><br \/>\n<span style=\"color: #000000;\">&#8211; Capilla \u201cSAN ANTONIO DE OBLIGADO\u201d &#8211; Parroquia \u201cNuestra Se\u00f1ora De la Asunci\u00f3n\u201d &#8211; LAS TOSCAS.<\/span><\/p>\n<p style=\"text-align: justify;\"><span style=\"color: #000000;\">Haci\u00e9ndome eco a las palabras de la carta recibida de la CEA, a<em> \u201ctus hijos del norte y del sur, peregrinos en esta Argentina\u201d<\/em>, en esta Di\u00f3cesis, invitamos <em>\u201ca poner la mirada del coraz\u00f3n en Santa Mar\u00eda, Madre de Dios y Madre nuestra, la \u201cMorenita del Valle\u201d<\/em>, y nos dispongamos a vivir este A\u00f1o Mariano Nacional como un verdadero tiempo de Dios, que nos ayude a abrir m\u00e1s el coraz\u00f3n a Cristo, cultivando una devoci\u00f3n, llena de afecto y confianza filial, a la Virgen Mar\u00eda, disc\u00edpula, misionera y modelo de vida.<\/span><\/p>\n","protected":false},"excerpt":{"rendered":"<div class=\"mh-excerpt\"><p>En la solemnidad de la Inmaculada Concepci\u00f3n de la Virgen Mar\u00eda que se celebrar\u00e1 este domingo 8 de diciembre, se dar\u00e1 comienzo al A\u00f1o Mariano <a class=\"mh-excerpt-more\" href=\"https:\/\/www.obispadorqta.org.ar\/v3\/ano-mariano-nacional\/\" title=\"A\u00d1O MARIANO NACIONAL\">[&#8230;]<\/a><\/p>\n<\/div>","protected":false},"author":3,"featured_media":4702,"comment_status":"closed","ping_status":"open","sticky":false,"template":"","format":"standard","meta":{"footnotes":""},"categories":[6,1,28],"tags":[],"class_list":["post-4696","post","type-post","status-publish","format-standard","has-post-thumbnail","hentry","category-news","category-sin-categoria","category-latest-news"],"_links":{"self":[{"href":"https:\/\/www.obispadorqta.org.ar\/v3\/wp-json\/wp\/v2\/posts\/4696","targetHints":{"allow":["GET"]}}],"collection":[{"href":"https:\/\/www.obispadorqta.org.ar\/v3\/wp-json\/wp\/v2\/posts"}],"about":[{"href":"https:\/\/www.obispadorqta.org.ar\/v3\/wp-json\/wp\/v2\/types\/post"}],"author":[{"embeddable":true,"href":"https:\/\/www.obispadorqta.org.ar\/v3\/wp-json\/wp\/v2\/users\/3"}],"replies":[{"embeddable":true,"href":"https:\/\/www.obispadorqta.org.ar\/v3\/wp-json\/wp\/v2\/comments?post=4696"}],"version-history":[{"count":2,"href":"https:\/\/www.obispadorqta.org.ar\/v3\/wp-json\/wp\/v2\/posts\/4696\/revisions"}],"predecessor-version":[{"id":4701,"href":"https:\/\/www.obispadorqta.org.ar\/v3\/wp-json\/wp\/v2\/posts\/4696\/revisions\/4701"}],"wp:featuredmedia":[{"embeddable":true,"href":"https:\/\/www.obispadorqta.org.ar\/v3\/wp-json\/wp\/v2\/media\/4702"}],"wp:attachment":[{"href":"https:\/\/www.obispadorqta.org.ar\/v3\/wp-json\/wp\/v2\/media?parent=4696"}],"wp:term":[{"taxonomy":"category","embeddable":true,"href":"https:\/\/www.obispadorqta.org.ar\/v3\/wp-json\/wp\/v2\/categories?post=4696"},{"taxonomy":"post_tag","embeddable":true,"href":"https:\/\/www.obispadorqta.org.ar\/v3\/wp-json\/wp\/v2\/tags?post=4696"}],"curies":[{"name":"wp","href":"https:\/\/api.w.org\/{rel}","templated":true}]}}