{"id":4703,"date":"2019-12-06T15:28:28","date_gmt":"2019-12-06T15:28:28","guid":{"rendered":"http:\/\/www.obispadorqta.org.ar\/v3\/?p=4703"},"modified":"2019-12-12T12:53:18","modified_gmt":"2019-12-12T12:53:18","slug":"mision-ceibal","status":"publish","type":"post","link":"https:\/\/www.obispadorqta.org.ar\/v3\/mision-ceibal\/","title":{"rendered":"MISI\u00d3N VOCACIONAL EN CEIBAL"},"content":{"rendered":"<p>Atenci\u00f3n j\u00f3venes de la di\u00f3cesis&#8230;.<br \/>\nFalta poco para este gran encuentro con Jes\u00fas y con los hermanos&#8230; Animate!<\/p>\n<p><a href=\"https:\/\/www.facebook.com\/vocacional.reconquista.5\/videos\/763812927467752\/\">https:\/\/www.facebook.com\/vocacional.reconquista.5\/videos\/763812927467752\/<\/a><\/p>\n","protected":false},"excerpt":{"rendered":"<div class=\"mh-excerpt\"><p>Atenci\u00f3n j\u00f3venes de la di\u00f3cesis&#8230;. Falta poco para este gran encuentro con Jes\u00fas y con los hermanos&#8230; Animate!<\/p>\n<\/div>","protected":false},"author":3,"featured_media":4706,"comment_status":"closed","ping_status":"open","sticky":false,"template":"","format":"standard","meta":{"footnotes":""},"categories":[6,28],"tags":[],"class_list":["post-4703","post","type-post","status-publish","format-standard","has-post-thumbnail","hentry","category-news","category-latest-news"],"_links":{"self":[{"href":"https:\/\/www.obispadorqta.org.ar\/v3\/wp-json\/wp\/v2\/posts\/4703","targetHints":{"allow":["GET"]}}],"collection":[{"href":"https:\/\/www.obispadorqta.org.ar\/v3\/wp-json\/wp\/v2\/posts"}],"about":[{"href":"https:\/\/www.obispadorqta.org.ar\/v3\/wp-json\/wp\/v2\/types\/post"}],"author":[{"embeddable":true,"href":"https:\/\/www.obispadorqta.org.ar\/v3\/wp-json\/wp\/v2\/users\/3"}],"replies":[{"embeddable":true,"href":"https:\/\/www.obispadorqta.org.ar\/v3\/wp-json\/wp\/v2\/comments?post=4703"}],"version-history":[{"count":13,"href":"https:\/\/www.obispadorqta.org.ar\/v3\/wp-json\/wp\/v2\/posts\/4703\/revisions"}],"predecessor-version":[{"id":4731,"href":"https:\/\/www.obispadorqta.org.ar\/v3\/wp-json\/wp\/v2\/posts\/4703\/revisions\/4731"}],"wp:featuredmedia":[{"embeddable":true,"href":"https:\/\/www.obispadorqta.org.ar\/v3\/wp-json\/wp\/v2\/media\/4706"}],"wp:attachment":[{"href":"https:\/\/www.obispadorqta.org.ar\/v3\/wp-json\/wp\/v2\/media?parent=4703"}],"wp:term":[{"taxonomy":"category","embeddable":true,"href":"https:\/\/www.obispadorqta.org.ar\/v3\/wp-json\/wp\/v2\/categories?post=4703"},{"taxonomy":"post_tag","embeddable":true,"href":"https:\/\/www.obispadorqta.org.ar\/v3\/wp-json\/wp\/v2\/tags?post=4703"}],"curies":[{"name":"wp","href":"https:\/\/api.w.org\/{rel}","templated":true}]}}