{"id":4718,"date":"2019-12-12T12:07:12","date_gmt":"2019-12-12T12:07:12","guid":{"rendered":"http:\/\/www.obispadorqta.org.ar\/v3\/?p=4718"},"modified":"2019-12-12T12:15:33","modified_gmt":"2019-12-12T12:15:33","slug":"peregrinacion-y-misa-en-siete-provincias","status":"publish","type":"post","link":"https:\/\/www.obispadorqta.org.ar\/v3\/peregrinacion-y-misa-en-siete-provincias\/","title":{"rendered":"PEREGRINACI\u00d3N Y MISA EN SIETE PROVINCIAS"},"content":{"rendered":"<p style=\"text-align: justify;\"><span style=\"color: #000000;\">Con ocasi\u00f3n del A\u00f1o Mariano Nacional, y de acuerdo a las disposiciones emanadas de la curia diocesana, donde se designa a la<strong> Capilla Nuestra Se\u00f1ora del Valle de Siete Provincias, en la Parroquia Nuestra Se\u00f1ora del Rosario de Lanteri,<\/strong> como lugar de peregrinaci\u00f3n y espacio para obtener indulgencias plenarias, el pr\u00f3ximo s\u00e1bado 14 de Diciembre, a las 18 hs., se celebrar\u00e1 solemnemente la Santa Misa en ese lugar, presidida por el Obispo Diocesano, Mons. \u00c1ngel Jos\u00e9 Mac\u00edn.<\/span><\/p>\n<p style=\"text-align: justify;\"><span style=\"color: #000000;\">Se invita a participar de este evento. De un modo especial se invita a peregrinar hacia este centro de fe y de gracia.<\/span><\/p>\n<p>&nbsp;<\/p>\n<p>&nbsp;<\/p>\n","protected":false},"excerpt":{"rendered":"<div class=\"mh-excerpt\"><p>Con ocasi\u00f3n del A\u00f1o Mariano Nacional, y de acuerdo a las disposiciones emanadas de la curia diocesana, donde se designa a la Capilla Nuestra Se\u00f1ora <a class=\"mh-excerpt-more\" href=\"https:\/\/www.obispadorqta.org.ar\/v3\/peregrinacion-y-misa-en-siete-provincias\/\" title=\"PEREGRINACI\u00d3N Y MISA EN SIETE PROVINCIAS\">[&#8230;]<\/a><\/p>\n<\/div>","protected":false},"author":3,"featured_media":4723,"comment_status":"closed","ping_status":"open","sticky":false,"template":"","format":"standard","meta":{"footnotes":""},"categories":[6,28],"tags":[],"class_list":["post-4718","post","type-post","status-publish","format-standard","has-post-thumbnail","hentry","category-news","category-latest-news"],"_links":{"self":[{"href":"https:\/\/www.obispadorqta.org.ar\/v3\/wp-json\/wp\/v2\/posts\/4718","targetHints":{"allow":["GET"]}}],"collection":[{"href":"https:\/\/www.obispadorqta.org.ar\/v3\/wp-json\/wp\/v2\/posts"}],"about":[{"href":"https:\/\/www.obispadorqta.org.ar\/v3\/wp-json\/wp\/v2\/types\/post"}],"author":[{"embeddable":true,"href":"https:\/\/www.obispadorqta.org.ar\/v3\/wp-json\/wp\/v2\/users\/3"}],"replies":[{"embeddable":true,"href":"https:\/\/www.obispadorqta.org.ar\/v3\/wp-json\/wp\/v2\/comments?post=4718"}],"version-history":[{"count":2,"href":"https:\/\/www.obispadorqta.org.ar\/v3\/wp-json\/wp\/v2\/posts\/4718\/revisions"}],"predecessor-version":[{"id":4724,"href":"https:\/\/www.obispadorqta.org.ar\/v3\/wp-json\/wp\/v2\/posts\/4718\/revisions\/4724"}],"wp:featuredmedia":[{"embeddable":true,"href":"https:\/\/www.obispadorqta.org.ar\/v3\/wp-json\/wp\/v2\/media\/4723"}],"wp:attachment":[{"href":"https:\/\/www.obispadorqta.org.ar\/v3\/wp-json\/wp\/v2\/media?parent=4718"}],"wp:term":[{"taxonomy":"category","embeddable":true,"href":"https:\/\/www.obispadorqta.org.ar\/v3\/wp-json\/wp\/v2\/categories?post=4718"},{"taxonomy":"post_tag","embeddable":true,"href":"https:\/\/www.obispadorqta.org.ar\/v3\/wp-json\/wp\/v2\/tags?post=4718"}],"curies":[{"name":"wp","href":"https:\/\/api.w.org\/{rel}","templated":true}]}}