{"id":4734,"date":"2019-12-18T11:55:28","date_gmt":"2019-12-18T11:55:28","guid":{"rendered":"http:\/\/www.obispadorqta.org.ar\/v3\/?p=4734"},"modified":"2019-12-18T11:57:47","modified_gmt":"2019-12-18T11:57:47","slug":"cumpleanos-del-p-aldo-martini","status":"publish","type":"post","link":"https:\/\/www.obispadorqta.org.ar\/v3\/cumpleanos-del-p-aldo-martini\/","title":{"rendered":"CUMPLEA\u00d1OS DEL P. ALDO MARTINI"},"content":{"rendered":"<p style=\"text-align: justify;\">El pr\u00f3ximo domingo 22 de diciembre, el P. Aldo Martini, reconocido sacerdote de nuestra di\u00f3cesis, celebrar\u00e1 90 a\u00f1os de vida.<\/p>\n<p style=\"text-align: justify;\">Con gratitud, invitamos a la Eucarist\u00eda que \u00e9l mismo presidir\u00e1 ese d\u00eda, en la Iglesia Catedral, a las 20:00 hs.<br \/>\nDespu\u00e9s de la Misa habr\u00e1 un compartir fraterno.<\/p>\n<p>&nbsp;<\/p>\n<p>&nbsp;<\/p>\n<p>&nbsp;<\/p>\n<p>&nbsp;<\/p>\n","protected":false},"excerpt":{"rendered":"<div class=\"mh-excerpt\"><p>El pr\u00f3ximo domingo 22 de diciembre, el P. Aldo Martini, reconocido sacerdote de nuestra di\u00f3cesis, celebrar\u00e1 90 a\u00f1os de vida. Con gratitud, invitamos a la <a class=\"mh-excerpt-more\" href=\"https:\/\/www.obispadorqta.org.ar\/v3\/cumpleanos-del-p-aldo-martini\/\" title=\"CUMPLEA\u00d1OS DEL P. ALDO MARTINI\">[&#8230;]<\/a><\/p>\n<\/div>","protected":false},"author":3,"featured_media":4735,"comment_status":"closed","ping_status":"open","sticky":false,"template":"","format":"standard","meta":{"footnotes":""},"categories":[6,28],"tags":[],"class_list":["post-4734","post","type-post","status-publish","format-standard","has-post-thumbnail","hentry","category-news","category-latest-news"],"_links":{"self":[{"href":"https:\/\/www.obispadorqta.org.ar\/v3\/wp-json\/wp\/v2\/posts\/4734","targetHints":{"allow":["GET"]}}],"collection":[{"href":"https:\/\/www.obispadorqta.org.ar\/v3\/wp-json\/wp\/v2\/posts"}],"about":[{"href":"https:\/\/www.obispadorqta.org.ar\/v3\/wp-json\/wp\/v2\/types\/post"}],"author":[{"embeddable":true,"href":"https:\/\/www.obispadorqta.org.ar\/v3\/wp-json\/wp\/v2\/users\/3"}],"replies":[{"embeddable":true,"href":"https:\/\/www.obispadorqta.org.ar\/v3\/wp-json\/wp\/v2\/comments?post=4734"}],"version-history":[{"count":2,"href":"https:\/\/www.obispadorqta.org.ar\/v3\/wp-json\/wp\/v2\/posts\/4734\/revisions"}],"predecessor-version":[{"id":4737,"href":"https:\/\/www.obispadorqta.org.ar\/v3\/wp-json\/wp\/v2\/posts\/4734\/revisions\/4737"}],"wp:featuredmedia":[{"embeddable":true,"href":"https:\/\/www.obispadorqta.org.ar\/v3\/wp-json\/wp\/v2\/media\/4735"}],"wp:attachment":[{"href":"https:\/\/www.obispadorqta.org.ar\/v3\/wp-json\/wp\/v2\/media?parent=4734"}],"wp:term":[{"taxonomy":"category","embeddable":true,"href":"https:\/\/www.obispadorqta.org.ar\/v3\/wp-json\/wp\/v2\/categories?post=4734"},{"taxonomy":"post_tag","embeddable":true,"href":"https:\/\/www.obispadorqta.org.ar\/v3\/wp-json\/wp\/v2\/tags?post=4734"}],"curies":[{"name":"wp","href":"https:\/\/api.w.org\/{rel}","templated":true}]}}