{"id":4738,"date":"2019-12-18T12:10:53","date_gmt":"2019-12-18T15:10:53","guid":{"rendered":"http:\/\/www.obispadorqta.org.ar\/v3\/?p=4738"},"modified":"2023-08-22T11:54:22","modified_gmt":"2023-08-22T14:54:22","slug":"lectorado-luciano-carneiro","status":"publish","type":"post","link":"https:\/\/www.obispadorqta.org.ar\/v3\/lectorado-luciano-carneiro\/","title":{"rendered":"LECTORADO LUCIANO CARNEIRO"},"content":{"rendered":"<p style=\"text-align: justify;\">El pr\u00f3ximo domingo 22 de diciembre y en el marco de la misi\u00f3n vocacional que se est\u00e1 llevando a cabo en la Capilla Mar\u00eda Goretti de Arroyo Ceibal, ser\u00e1 instituido lector el seminarista Luciano Carneiro, originario de Calchaqu\u00ed, quien est\u00e1 est\u00e1 comenzando el sexto a\u00f1o de formaci\u00f3n inicial en el Seminario \u00abLa Encarnaci\u00f3n\u00bb.<\/p>\n<p style=\"text-align: justify;\">La celebraci\u00f3n ser\u00e1 presidida por Mons. \u00c1ngel Jos\u00e9 Mac\u00edn, quien adem\u00e1s administrar\u00e1 el sacramento de la Confirmaci\u00f3n.<\/p>\n<p style=\"text-align: justify;\">Rezamos por Luciano y por su fidelidad al Se\u00f1or.<\/p>\n<p>&nbsp;<\/p>\n<p>&nbsp;<\/p>\n<p>&nbsp;<\/p>\n","protected":false},"excerpt":{"rendered":"<div class=\"mh-excerpt\"><p>El pr\u00f3ximo domingo 22 de diciembre y en el marco de la misi\u00f3n vocacional que se est\u00e1 llevando a cabo en la Capilla Mar\u00eda Goretti <a class=\"mh-excerpt-more\" href=\"https:\/\/www.obispadorqta.org.ar\/v3\/lectorado-luciano-carneiro\/\" title=\"LECTORADO LUCIANO CARNEIRO\">[&#8230;]<\/a><\/p>\n<\/div>","protected":false},"author":3,"featured_media":4739,"comment_status":"closed","ping_status":"open","sticky":false,"template":"","format":"standard","meta":{"footnotes":""},"categories":[6,28],"tags":[],"class_list":["post-4738","post","type-post","status-publish","format-standard","has-post-thumbnail","hentry","category-news","category-latest-news"],"_links":{"self":[{"href":"https:\/\/www.obispadorqta.org.ar\/v3\/wp-json\/wp\/v2\/posts\/4738","targetHints":{"allow":["GET"]}}],"collection":[{"href":"https:\/\/www.obispadorqta.org.ar\/v3\/wp-json\/wp\/v2\/posts"}],"about":[{"href":"https:\/\/www.obispadorqta.org.ar\/v3\/wp-json\/wp\/v2\/types\/post"}],"author":[{"embeddable":true,"href":"https:\/\/www.obispadorqta.org.ar\/v3\/wp-json\/wp\/v2\/users\/3"}],"replies":[{"embeddable":true,"href":"https:\/\/www.obispadorqta.org.ar\/v3\/wp-json\/wp\/v2\/comments?post=4738"}],"version-history":[{"count":2,"href":"https:\/\/www.obispadorqta.org.ar\/v3\/wp-json\/wp\/v2\/posts\/4738\/revisions"}],"predecessor-version":[{"id":4741,"href":"https:\/\/www.obispadorqta.org.ar\/v3\/wp-json\/wp\/v2\/posts\/4738\/revisions\/4741"}],"wp:featuredmedia":[{"embeddable":true,"href":"https:\/\/www.obispadorqta.org.ar\/v3\/wp-json\/wp\/v2\/media\/4739"}],"wp:attachment":[{"href":"https:\/\/www.obispadorqta.org.ar\/v3\/wp-json\/wp\/v2\/media?parent=4738"}],"wp:term":[{"taxonomy":"category","embeddable":true,"href":"https:\/\/www.obispadorqta.org.ar\/v3\/wp-json\/wp\/v2\/categories?post=4738"},{"taxonomy":"post_tag","embeddable":true,"href":"https:\/\/www.obispadorqta.org.ar\/v3\/wp-json\/wp\/v2\/tags?post=4738"}],"curies":[{"name":"wp","href":"https:\/\/api.w.org\/{rel}","templated":true}]}}