{"id":4745,"date":"2019-12-18T18:40:45","date_gmt":"2019-12-18T18:40:45","guid":{"rendered":"http:\/\/www.obispadorqta.org.ar\/v3\/?p=4745"},"modified":"2019-12-19T11:02:20","modified_gmt":"2019-12-19T11:02:20","slug":"comunicado-de-prensa-3","status":"publish","type":"post","link":"https:\/\/www.obispadorqta.org.ar\/v3\/comunicado-de-prensa-3\/","title":{"rendered":"Comunicado de Prensa"},"content":{"rendered":"<p style=\"text-align: justify;\">\u00a0 \u00a0 \u00a0 \u00a0 \u00a0 El Obispado de Reconquista, ante la sentencia dictada por el Tribunal de Primera Instancia de la Circunscripci\u00f3n Reconquista, de la Provincia de Santa Fe, en el juicio que se le sigue al Pbro. N\u00e9stor Fabi\u00e1n Monz\u00f3n, acusado de abuso de menores, expresa: A) El respeto a la justicia de la Provincia y sus magistrados, como as\u00ed tambi\u00e9n a la decisi\u00f3n que han llegado en esta instancia. B) Su cercan\u00eda con las familias de las v\u00edctimas, y con todos aquellos que han sido afectados de alg\u00fan modo por esta dolorosa situaci\u00f3n. C) Su compromiso de seguir orando y trabajando cotidianamente por la b\u00fasqueda de la verdad, la justicia y la construcci\u00f3n de la paz. D) Sobre el proceso que se le sigue al sacerdote en el \u00e1mbito can\u00f3nico, se informa ha llegado la decisi\u00f3n desde Roma, de la Congregaci\u00f3n para la Doctrina de la Fe, pero habiendo sido citado el Pbro. Monz\u00f3n para ser notificado de la misma, el pasado s\u00e1bado 14 de diciembre, ha alegado motivos de salud, presentando certificaci\u00f3n m\u00e9dica, por lo que se ha vuelto a citarlo, y luego de notificado, reci\u00e9n se dar\u00e1 a publicidad dicho acto y decisi\u00f3n de la Santa Sede. E) La renovaci\u00f3n como Di\u00f3cesis del compromiso decidido de trabajar en la protecci\u00f3n de los menores y personas vulnerables en todos los \u00e1mbitos del territorio diocesano, como ha quedado expresado durante este tiempo. Esta l\u00ednea de acci\u00f3n seguir\u00e1 firme, siguiendo las orientaciones de la Iglesia, quien por medio del Papa Francisco nos se\u00f1ala el camino, diciendo: \u00ab<em>es necesario cambiar la mentalidad para combatir la actitud defensiva-reaccionaria de salvaguardar la Instituci\u00f3n, en beneficio de una b\u00fasqueda sincera y decisiva del bien de la comunidad, dando prioridad a las v\u00edctimas de los abusos en todos los sentidos. Ante nuestros ojos siempre deben estar presentes los rostros inocentes de los peque\u00f1os &#8230;<\/em> \u00bb (Francisco, Discurso de Cierre del Encuentro de Protecci\u00f3n de Menores, Febrero 2019, 1).<\/p>\n<p>&nbsp;<\/p>\n<p style=\"text-align: right;\">Mons. \u00c1ngel Jos\u00e9 Mac\u00edn<\/p>\n<p style=\"text-align: right;\">Obispo de Reconquista<\/p>\n<p style=\"text-align: right;\">\n","protected":false},"excerpt":{"rendered":"<div class=\"mh-excerpt\"><p>\u00a0 \u00a0 \u00a0 \u00a0 \u00a0 El Obispado de Reconquista, ante la sentencia dictada por el Tribunal de Primera Instancia de la Circunscripci\u00f3n Reconquista, de la <a class=\"mh-excerpt-more\" href=\"https:\/\/www.obispadorqta.org.ar\/v3\/comunicado-de-prensa-3\/\" title=\"Comunicado de Prensa\">[&#8230;]<\/a><\/p>\n<\/div>","protected":false},"author":2,"featured_media":3509,"comment_status":"closed","ping_status":"open","sticky":false,"template":"","format":"standard","meta":{"footnotes":""},"categories":[28],"tags":[],"class_list":["post-4745","post","type-post","status-publish","format-standard","has-post-thumbnail","hentry","category-latest-news"],"_links":{"self":[{"href":"https:\/\/www.obispadorqta.org.ar\/v3\/wp-json\/wp\/v2\/posts\/4745","targetHints":{"allow":["GET"]}}],"collection":[{"href":"https:\/\/www.obispadorqta.org.ar\/v3\/wp-json\/wp\/v2\/posts"}],"about":[{"href":"https:\/\/www.obispadorqta.org.ar\/v3\/wp-json\/wp\/v2\/types\/post"}],"author":[{"embeddable":true,"href":"https:\/\/www.obispadorqta.org.ar\/v3\/wp-json\/wp\/v2\/users\/2"}],"replies":[{"embeddable":true,"href":"https:\/\/www.obispadorqta.org.ar\/v3\/wp-json\/wp\/v2\/comments?post=4745"}],"version-history":[{"count":2,"href":"https:\/\/www.obispadorqta.org.ar\/v3\/wp-json\/wp\/v2\/posts\/4745\/revisions"}],"predecessor-version":[{"id":4749,"href":"https:\/\/www.obispadorqta.org.ar\/v3\/wp-json\/wp\/v2\/posts\/4745\/revisions\/4749"}],"wp:featuredmedia":[{"embeddable":true,"href":"https:\/\/www.obispadorqta.org.ar\/v3\/wp-json\/wp\/v2\/media\/3509"}],"wp:attachment":[{"href":"https:\/\/www.obispadorqta.org.ar\/v3\/wp-json\/wp\/v2\/media?parent=4745"}],"wp:term":[{"taxonomy":"category","embeddable":true,"href":"https:\/\/www.obispadorqta.org.ar\/v3\/wp-json\/wp\/v2\/categories?post=4745"},{"taxonomy":"post_tag","embeddable":true,"href":"https:\/\/www.obispadorqta.org.ar\/v3\/wp-json\/wp\/v2\/tags?post=4745"}],"curies":[{"name":"wp","href":"https:\/\/api.w.org\/{rel}","templated":true}]}}