{"id":4771,"date":"2020-01-08T09:29:20","date_gmt":"2020-01-08T12:29:20","guid":{"rendered":"http:\/\/www.obispadorqta.org.ar\/v3\/?p=4771"},"modified":"2020-01-08T10:19:53","modified_gmt":"2020-01-08T13:19:53","slug":"parte-de-prensa","status":"publish","type":"post","link":"https:\/\/www.obispadorqta.org.ar\/v3\/parte-de-prensa\/","title":{"rendered":"Parte de Prensa"},"content":{"rendered":"<p style=\"text-align: justify;\">\u00a0 \u00a0Despu\u00e9s de haber realizado las notificaciones de rigor, se informa que la Santa Sede, a trav\u00e9s de la Congregaci\u00f3n para la Doctrina de la Fe, ha determinado la dimisi\u00f3n del estado clerical de N\u00e9stor Fabi\u00e1n Monz\u00f3n, por motivos que son de p\u00fablico conocimiento.<\/p>\n<p style=\"text-align: justify;\">\u00a0 \u00a0Esta resoluci\u00f3n corresponde a la primera instancia, sujeta a apelaciones previstas por el Derecho Can\u00f3nico.<\/p>\n<p style=\"text-align: justify;\">\u00a0 \u00a0Ante estas circunstancias dif\u00edciles, acompa\u00f1amos a todos los afectados, especialmente a las v\u00edctimas y sus familias, y renovamos nuestro compromiso en favor de la verdad, la justicia y la paz social.<\/p>\n<p style=\"text-align: right;\">Reconquista, 06 de Enero de 2020<\/p>\n<p style=\"text-align: right;\">Obispado de Reconquista<\/p>\n","protected":false},"excerpt":{"rendered":"<div class=\"mh-excerpt\"><p>\u00a0 \u00a0Despu\u00e9s de haber realizado las notificaciones de rigor, se informa que la Santa Sede, a trav\u00e9s de la Congregaci\u00f3n para la Doctrina de la <a class=\"mh-excerpt-more\" href=\"https:\/\/www.obispadorqta.org.ar\/v3\/parte-de-prensa\/\" title=\"Parte de Prensa\">[&#8230;]<\/a><\/p>\n<\/div>","protected":false},"author":2,"featured_media":3509,"comment_status":"closed","ping_status":"open","sticky":false,"template":"","format":"standard","meta":{"footnotes":""},"categories":[28],"tags":[],"class_list":["post-4771","post","type-post","status-publish","format-standard","has-post-thumbnail","hentry","category-latest-news"],"_links":{"self":[{"href":"https:\/\/www.obispadorqta.org.ar\/v3\/wp-json\/wp\/v2\/posts\/4771","targetHints":{"allow":["GET"]}}],"collection":[{"href":"https:\/\/www.obispadorqta.org.ar\/v3\/wp-json\/wp\/v2\/posts"}],"about":[{"href":"https:\/\/www.obispadorqta.org.ar\/v3\/wp-json\/wp\/v2\/types\/post"}],"author":[{"embeddable":true,"href":"https:\/\/www.obispadorqta.org.ar\/v3\/wp-json\/wp\/v2\/users\/2"}],"replies":[{"embeddable":true,"href":"https:\/\/www.obispadorqta.org.ar\/v3\/wp-json\/wp\/v2\/comments?post=4771"}],"version-history":[{"count":11,"href":"https:\/\/www.obispadorqta.org.ar\/v3\/wp-json\/wp\/v2\/posts\/4771\/revisions"}],"predecessor-version":[{"id":4792,"href":"https:\/\/www.obispadorqta.org.ar\/v3\/wp-json\/wp\/v2\/posts\/4771\/revisions\/4792"}],"wp:featuredmedia":[{"embeddable":true,"href":"https:\/\/www.obispadorqta.org.ar\/v3\/wp-json\/wp\/v2\/media\/3509"}],"wp:attachment":[{"href":"https:\/\/www.obispadorqta.org.ar\/v3\/wp-json\/wp\/v2\/media?parent=4771"}],"wp:term":[{"taxonomy":"category","embeddable":true,"href":"https:\/\/www.obispadorqta.org.ar\/v3\/wp-json\/wp\/v2\/categories?post=4771"},{"taxonomy":"post_tag","embeddable":true,"href":"https:\/\/www.obispadorqta.org.ar\/v3\/wp-json\/wp\/v2\/tags?post=4771"}],"curies":[{"name":"wp","href":"https:\/\/api.w.org\/{rel}","templated":true}]}}