{"id":4822,"date":"2020-01-20T09:36:30","date_gmt":"2020-01-20T12:36:30","guid":{"rendered":"http:\/\/www.obispadorqta.org.ar\/v3\/?p=4822"},"modified":"2020-01-20T09:37:49","modified_gmt":"2020-01-20T12:37:49","slug":"primer-domingo-de-la-palabra-de-dios","status":"publish","type":"post","link":"https:\/\/www.obispadorqta.org.ar\/v3\/primer-domingo-de-la-palabra-de-dios\/","title":{"rendered":"Primer Domingo de la Palabra de Dios"},"content":{"rendered":"<p><\/p>\n<p style=\"text-align: justify;\">El Presidente del Consejo Pontificio para la Promoci\u00f3n de la Nueva Evangelizaci\u00f3n&nbsp;dijo que, el Domingo de la Palabra de Dios es una iniciativa que el Papa Francisco conf\u00eda a toda la Iglesia para que, \u201cla comunidad cristiana se centre en el gran valor que la Palabra de Dios ocupa en su existencia cotidiana\u201d (<em>Aperuit illis<\/em>&nbsp;2).<\/p>\n<p style=\"text-align: justify;\">El 30 de septiembre pasado, durante el 1600 aniversario de la muerte de San Jer\u00f3nimo, gran estudioso de la Sagrada Escritura y traductor de los textos originales al lat\u00edn, el Papa Francisco hac\u00eda p\u00fablica la Carta Apost\u00f3lica&nbsp;<em>Aperuit illis<\/em>&nbsp;con la que institu\u00eda este&nbsp;Domingo. El mismo se celebrar\u00e1 cada a\u00f1o, el 3er. Domingo del Tiempo Ordinario.<\/p>\n<p style=\"text-align: justify;\">Este a\u00f1o corresponde hacerlo el pr\u00f3ximo domingo 26 de Enero. Por eso, se invita a las comunidades parroquiales a tener en cuenta esta iniciativa en las celebraciones del fin de semana. Aunque estamos en tiempo de receso y con reducidas actividades pastorales, ser\u00eda oportuno que de alg\u00fan modo se pueda dar lugar a esta significativa iniciativa del Papa.<\/p>\n\n\n<p><\/p>\n","protected":false},"excerpt":{"rendered":"<div class=\"mh-excerpt\"><p>El Presidente del Consejo Pontificio para la Promoci\u00f3n de la Nueva Evangelizaci\u00f3n&nbsp;dijo que, el Domingo de la Palabra de Dios es una iniciativa que el <a class=\"mh-excerpt-more\" href=\"https:\/\/www.obispadorqta.org.ar\/v3\/primer-domingo-de-la-palabra-de-dios\/\" title=\"Primer Domingo de la Palabra de Dios\">[&#8230;]<\/a><\/p>\n<\/div>","protected":false},"author":3,"featured_media":4820,"comment_status":"closed","ping_status":"open","sticky":false,"template":"","format":"standard","meta":{"footnotes":""},"categories":[6,28],"tags":[],"class_list":["post-4822","post","type-post","status-publish","format-standard","has-post-thumbnail","hentry","category-news","category-latest-news"],"_links":{"self":[{"href":"https:\/\/www.obispadorqta.org.ar\/v3\/wp-json\/wp\/v2\/posts\/4822","targetHints":{"allow":["GET"]}}],"collection":[{"href":"https:\/\/www.obispadorqta.org.ar\/v3\/wp-json\/wp\/v2\/posts"}],"about":[{"href":"https:\/\/www.obispadorqta.org.ar\/v3\/wp-json\/wp\/v2\/types\/post"}],"author":[{"embeddable":true,"href":"https:\/\/www.obispadorqta.org.ar\/v3\/wp-json\/wp\/v2\/users\/3"}],"replies":[{"embeddable":true,"href":"https:\/\/www.obispadorqta.org.ar\/v3\/wp-json\/wp\/v2\/comments?post=4822"}],"version-history":[{"count":2,"href":"https:\/\/www.obispadorqta.org.ar\/v3\/wp-json\/wp\/v2\/posts\/4822\/revisions"}],"predecessor-version":[{"id":4824,"href":"https:\/\/www.obispadorqta.org.ar\/v3\/wp-json\/wp\/v2\/posts\/4822\/revisions\/4824"}],"wp:featuredmedia":[{"embeddable":true,"href":"https:\/\/www.obispadorqta.org.ar\/v3\/wp-json\/wp\/v2\/media\/4820"}],"wp:attachment":[{"href":"https:\/\/www.obispadorqta.org.ar\/v3\/wp-json\/wp\/v2\/media?parent=4822"}],"wp:term":[{"taxonomy":"category","embeddable":true,"href":"https:\/\/www.obispadorqta.org.ar\/v3\/wp-json\/wp\/v2\/categories?post=4822"},{"taxonomy":"post_tag","embeddable":true,"href":"https:\/\/www.obispadorqta.org.ar\/v3\/wp-json\/wp\/v2\/tags?post=4822"}],"curies":[{"name":"wp","href":"https:\/\/api.w.org\/{rel}","templated":true}]}}