{"id":4829,"date":"2020-02-25T09:40:48","date_gmt":"2020-02-25T12:40:48","guid":{"rendered":"http:\/\/www.obispadorqta.org.ar\/v3\/?p=4829"},"modified":"2020-02-26T10:20:57","modified_gmt":"2020-02-26T13:20:57","slug":"xxv-acampada-espiritual-diocesana-de-jovenes","status":"publish","type":"post","link":"https:\/\/www.obispadorqta.org.ar\/v3\/xxv-acampada-espiritual-diocesana-de-jovenes\/","title":{"rendered":"XXV Acampada Espiritual Diocesana de J\u00f3venes"},"content":{"rendered":"<div class=\"text_exposed_show\">\n<p>https:\/\/www.facebook.com\/434513055312\/videos\/1099464910397990\/<\/p>\n<p><span style=\"color: #000000; font-size: inherit;\">FALTA CADA VEZ MENOS!!!<\/span><\/p>\n<\/div>\n<p style=\"text-align: left;\"><span style=\"color: #000000;\">Este a\u00f1o cumplimos 25\u00b0 de esta gran bendici\u00f3n que re\u00fane a cientos de j\u00f3venes de todo el pa\u00eds que se animan a recibir el amor de Dios, ese amor que viene a transformarnos el coraz\u00f3n.<\/span><\/p>\n<p style=\"text-align: justify;\"><span style=\"color: #000000;\">La propuesta es la misma cada a\u00f1o: <em><strong>\u00abAn\u00edmate joven! Dios quiere habitar en tu coraz\u00f3n, d\u00e9jalo entrar!\u00bb<\/strong><\/em><\/span><\/p>\n<p style=\"text-align: justify;\"><span style=\"color: #000000;\"><strong>\u00a1Te esperamos! <em>29 de febrero y 1 de marzo de 2020<\/em>.<\/strong><\/span><\/p>\n<p style=\"text-align: justify;\"><span style=\"color: #000000;\">PREDICA: Padre Silvio Fabbro<\/span><br \/>\n<span style=\"color: #000000;\">M\u00daSICA: Ver\u00f3nica Sanfilippo<\/span><\/p>\n<p style=\"text-align: justify;\"><span style=\"color: #000000;\">\u00a1CUPOS LIMITADOS!<\/span><br \/>\n<span style=\"color: #000000;\">INSCRIBITE YA!<\/span><\/p>\n<p><span style=\"color: #000000;\">&#x1f310; <\/span><a href=\"http:\/\/www.acampadamalabrigo.com.ar\/?fbclid=IwAR2IcPHTLB80QMbAXnrIU__KW6xoXon5UXDKkgYDrTYe1xfWng_Kh0vkSa8\" data-ft=\"{&quot;tn&quot;:&quot;-U&quot;}\" data-lynx-mode=\"async\" data-lynx-uri=\"https:\/\/l.facebook.com\/l.php?u=http%3A%2F%2Fwww.acampadamalabrigo.com.ar%2F%3Ffbclid%3DIwAR2IcPHTLB80QMbAXnrIU__KW6xoXon5UXDKkgYDrTYe1xfWng_Kh0vkSa8&amp;h=AT3BH1EXpcCScCVMr0-4Dt4F_xHcJ24DhGRDzFWIylxttbiW-YHmu0cpEN_fMIacYRnjn2YhusWV4uuH9MhESm1aBotOEQJhipbtSVj6lL_eWBb5_Gz_zMRGFcm6gzuZbWLjDdrJamlLZlUUqFkQyNxkzSP9EI_CDyzrbhsKgX5f6wukp_HwWvSkA1U6mKCDAFbagLzSE7uqABhh7fASLRx_eaWCJkr50dABjMxDoZvgw1HZFughV1a0JXBlIK3lK86r7kAdr1WfClTjxaboUd9YP0mOxGQ8cO2qk4o0ugvokWLYQmeUBEmxjBIn9m1oo0wGFBD52NYZObxIAME4dE8_AiQjSRbQTyUh0-yGKAKfAiK8ANzp7bptAsHB6hYXTb-8mrm0ulWNJaci2MlCrJEDRrxpJaz-Sx2P7aLF1soA-Y7aKePpTpFXjFOfqxz3OoS9jEPi-SHkp-uidu1uVhM4g4O3PUOYT4Y2GEB0KUws_SVs8F3puejH3GHDTUFqsPvQ5suJZkqZoDeJq_frrGlTBl3cr96JIjVddYoXJPdyieqTS8yAUSuyMDDt1Aj3IhNR3P1QAwJjhnejgJXIYsT9e07aswjnp9mr_gp2NT7Fvp6vJidfuXxK3ug\"><span style=\"color: #000000;\">www.acampadamalabrigo.com.ar<\/span><\/a><\/p>\n","protected":false},"excerpt":{"rendered":"<div class=\"mh-excerpt\"><p>https:\/\/www.facebook.com\/434513055312\/videos\/1099464910397990\/ FALTA CADA VEZ MENOS!!! Este a\u00f1o cumplimos 25\u00b0 de esta gran bendici\u00f3n que re\u00fane a cientos de j\u00f3venes de todo el pa\u00eds que se <a class=\"mh-excerpt-more\" href=\"https:\/\/www.obispadorqta.org.ar\/v3\/xxv-acampada-espiritual-diocesana-de-jovenes\/\" title=\"XXV Acampada Espiritual Diocesana de J\u00f3venes\">[&#8230;]<\/a><\/p>\n<\/div>","protected":false},"author":3,"featured_media":4835,"comment_status":"closed","ping_status":"open","sticky":false,"template":"","format":"standard","meta":{"footnotes":""},"categories":[6,28],"tags":[],"class_list":["post-4829","post","type-post","status-publish","format-standard","has-post-thumbnail","hentry","category-news","category-latest-news"],"_links":{"self":[{"href":"https:\/\/www.obispadorqta.org.ar\/v3\/wp-json\/wp\/v2\/posts\/4829","targetHints":{"allow":["GET"]}}],"collection":[{"href":"https:\/\/www.obispadorqta.org.ar\/v3\/wp-json\/wp\/v2\/posts"}],"about":[{"href":"https:\/\/www.obispadorqta.org.ar\/v3\/wp-json\/wp\/v2\/types\/post"}],"author":[{"embeddable":true,"href":"https:\/\/www.obispadorqta.org.ar\/v3\/wp-json\/wp\/v2\/users\/3"}],"replies":[{"embeddable":true,"href":"https:\/\/www.obispadorqta.org.ar\/v3\/wp-json\/wp\/v2\/comments?post=4829"}],"version-history":[{"count":4,"href":"https:\/\/www.obispadorqta.org.ar\/v3\/wp-json\/wp\/v2\/posts\/4829\/revisions"}],"predecessor-version":[{"id":4933,"href":"https:\/\/www.obispadorqta.org.ar\/v3\/wp-json\/wp\/v2\/posts\/4829\/revisions\/4933"}],"wp:featuredmedia":[{"embeddable":true,"href":"https:\/\/www.obispadorqta.org.ar\/v3\/wp-json\/wp\/v2\/media\/4835"}],"wp:attachment":[{"href":"https:\/\/www.obispadorqta.org.ar\/v3\/wp-json\/wp\/v2\/media?parent=4829"}],"wp:term":[{"taxonomy":"category","embeddable":true,"href":"https:\/\/www.obispadorqta.org.ar\/v3\/wp-json\/wp\/v2\/categories?post=4829"},{"taxonomy":"post_tag","embeddable":true,"href":"https:\/\/www.obispadorqta.org.ar\/v3\/wp-json\/wp\/v2\/tags?post=4829"}],"curies":[{"name":"wp","href":"https:\/\/api.w.org\/{rel}","templated":true}]}}