{"id":4837,"date":"2020-01-21T11:39:26","date_gmt":"2020-01-21T14:39:26","guid":{"rendered":"http:\/\/www.obispadorqta.org.ar\/v3\/?p=4837"},"modified":"2020-01-21T11:45:58","modified_gmt":"2020-01-21T14:45:58","slug":"75-anos-de-la-parroquia-sagrado-corazon-de-jesus-de-villa-ana","status":"publish","type":"post","link":"https:\/\/www.obispadorqta.org.ar\/v3\/75-anos-de-la-parroquia-sagrado-corazon-de-jesus-de-villa-ana\/","title":{"rendered":"75 a\u00f1os de la Parroquia Sagrado Coraz\u00f3n de Jes\u00fas de Villa Ana"},"content":{"rendered":"<p style=\"text-align: justify;\">Con gran alegr\u00eda la comunidad Parroquial de la <strong>Parroquia \u201cSagrado Coraz\u00f3n de Jes\u00fas\u201d de Villa Ana<\/strong> tiene el agrado de invita a la celebraci\u00f3n del 75\u00ba aniversario de su fundaci\u00f3n. La misma se realizar\u00e1 el s\u00e1bado 08 de febrero de 2020 en el atrio del templo parroquial.<\/p>\n<p style=\"text-align: justify;\">El programa de los festejos es el siguiente:<br \/>\n<strong>18:00 hs<\/strong>. Procesi\u00f3n con la imagen del Sagrado Coraz\u00f3n de Jes\u00fas por las calles del pueblo.<br \/>\n<strong>19:00 hs.<\/strong> Celebraci\u00f3n de la Eucar\u00edstica en el atrio del templo, presidida por el obispo diocesano, Mons. \u00c1ngel Jos\u00e9 Mac\u00edn<br \/>\n<strong>20:30 hs.<\/strong> Festival Art\u00edstico<\/p>\n<p style=\"text-align: justify;\">Acompa\u00f1amos a la comunidad de Villa Ana en sus 75 a\u00f1os de vida parroquial y animamos a que siga comprometida con pasi\u00f3n y humildad en la tarea de formaci\u00f3n y construcci\u00f3n de esta hermosa vida Parroquial<\/p>\n","protected":false},"excerpt":{"rendered":"<div class=\"mh-excerpt\"><p>Con gran alegr\u00eda la comunidad Parroquial de la Parroquia \u201cSagrado Coraz\u00f3n de Jes\u00fas\u201d de Villa Ana tiene el agrado de invita a la celebraci\u00f3n del <a class=\"mh-excerpt-more\" href=\"https:\/\/www.obispadorqta.org.ar\/v3\/75-anos-de-la-parroquia-sagrado-corazon-de-jesus-de-villa-ana\/\" title=\"75 a\u00f1os de la Parroquia Sagrado Coraz\u00f3n de Jes\u00fas de Villa Ana\">[&#8230;]<\/a><\/p>\n<\/div>","protected":false},"author":3,"featured_media":4838,"comment_status":"closed","ping_status":"open","sticky":false,"template":"","format":"standard","meta":{"footnotes":""},"categories":[6,1,28],"tags":[],"class_list":["post-4837","post","type-post","status-publish","format-standard","has-post-thumbnail","hentry","category-news","category-sin-categoria","category-latest-news"],"_links":{"self":[{"href":"https:\/\/www.obispadorqta.org.ar\/v3\/wp-json\/wp\/v2\/posts\/4837","targetHints":{"allow":["GET"]}}],"collection":[{"href":"https:\/\/www.obispadorqta.org.ar\/v3\/wp-json\/wp\/v2\/posts"}],"about":[{"href":"https:\/\/www.obispadorqta.org.ar\/v3\/wp-json\/wp\/v2\/types\/post"}],"author":[{"embeddable":true,"href":"https:\/\/www.obispadorqta.org.ar\/v3\/wp-json\/wp\/v2\/users\/3"}],"replies":[{"embeddable":true,"href":"https:\/\/www.obispadorqta.org.ar\/v3\/wp-json\/wp\/v2\/comments?post=4837"}],"version-history":[{"count":4,"href":"https:\/\/www.obispadorqta.org.ar\/v3\/wp-json\/wp\/v2\/posts\/4837\/revisions"}],"predecessor-version":[{"id":4842,"href":"https:\/\/www.obispadorqta.org.ar\/v3\/wp-json\/wp\/v2\/posts\/4837\/revisions\/4842"}],"wp:featuredmedia":[{"embeddable":true,"href":"https:\/\/www.obispadorqta.org.ar\/v3\/wp-json\/wp\/v2\/media\/4838"}],"wp:attachment":[{"href":"https:\/\/www.obispadorqta.org.ar\/v3\/wp-json\/wp\/v2\/media?parent=4837"}],"wp:term":[{"taxonomy":"category","embeddable":true,"href":"https:\/\/www.obispadorqta.org.ar\/v3\/wp-json\/wp\/v2\/categories?post=4837"},{"taxonomy":"post_tag","embeddable":true,"href":"https:\/\/www.obispadorqta.org.ar\/v3\/wp-json\/wp\/v2\/tags?post=4837"}],"curies":[{"name":"wp","href":"https:\/\/api.w.org\/{rel}","templated":true}]}}