{"id":4845,"date":"2020-01-24T08:35:19","date_gmt":"2020-01-24T11:35:19","guid":{"rendered":"http:\/\/www.obispadorqta.org.ar\/v3\/?p=4845"},"modified":"2023-08-22T11:54:09","modified_gmt":"2023-08-22T14:54:09","slug":"curso-de-evangelizadores-en-colombia","status":"publish","type":"post","link":"https:\/\/www.obispadorqta.org.ar\/v3\/curso-de-evangelizadores-en-colombia\/","title":{"rendered":"CURSO DE EVANGELIZADORES EN COLOMBIA"},"content":{"rendered":"<p style=\"text-align: justify;\"><span style=\"color: #000000;\">Desde el Domingo 26 de Enero hasta el Viernes 7 de Febrero, el obispo diocesano, Mons. \u00c1ngel Jos\u00e9 Mac\u00edn estar\u00e1 en Medell\u00edn, Colombia, dictando un curso sobre \u00abEl Reino de Dios y la Cultura del Encuentro\u00bb, junto a otros profesores de diferentes pa\u00edses. El curso est\u00e1 destinado a evangelizadores de toda latinoam\u00e9rica, y es organizado por un equipo llamado BARTIMEO, reconocido por su aporte a la formaci\u00f3n de los laicos.<\/span><\/p>\n","protected":false},"excerpt":{"rendered":"<div class=\"mh-excerpt\"><p>Desde el Domingo 26 de Enero hasta el Viernes 7 de Febrero, el obispo diocesano, Mons. \u00c1ngel Jos\u00e9 Mac\u00edn estar\u00e1 en Medell\u00edn, Colombia, dictando un <a class=\"mh-excerpt-more\" href=\"https:\/\/www.obispadorqta.org.ar\/v3\/curso-de-evangelizadores-en-colombia\/\" title=\"CURSO DE EVANGELIZADORES EN COLOMBIA\">[&#8230;]<\/a><\/p>\n<\/div>","protected":false},"author":3,"featured_media":4582,"comment_status":"closed","ping_status":"open","sticky":false,"template":"","format":"standard","meta":{"footnotes":""},"categories":[6,1,28],"tags":[],"class_list":["post-4845","post","type-post","status-publish","format-standard","has-post-thumbnail","hentry","category-news","category-sin-categoria","category-latest-news"],"_links":{"self":[{"href":"https:\/\/www.obispadorqta.org.ar\/v3\/wp-json\/wp\/v2\/posts\/4845","targetHints":{"allow":["GET"]}}],"collection":[{"href":"https:\/\/www.obispadorqta.org.ar\/v3\/wp-json\/wp\/v2\/posts"}],"about":[{"href":"https:\/\/www.obispadorqta.org.ar\/v3\/wp-json\/wp\/v2\/types\/post"}],"author":[{"embeddable":true,"href":"https:\/\/www.obispadorqta.org.ar\/v3\/wp-json\/wp\/v2\/users\/3"}],"replies":[{"embeddable":true,"href":"https:\/\/www.obispadorqta.org.ar\/v3\/wp-json\/wp\/v2\/comments?post=4845"}],"version-history":[{"count":1,"href":"https:\/\/www.obispadorqta.org.ar\/v3\/wp-json\/wp\/v2\/posts\/4845\/revisions"}],"predecessor-version":[{"id":4846,"href":"https:\/\/www.obispadorqta.org.ar\/v3\/wp-json\/wp\/v2\/posts\/4845\/revisions\/4846"}],"wp:featuredmedia":[{"embeddable":true,"href":"https:\/\/www.obispadorqta.org.ar\/v3\/wp-json\/wp\/v2\/media\/4582"}],"wp:attachment":[{"href":"https:\/\/www.obispadorqta.org.ar\/v3\/wp-json\/wp\/v2\/media?parent=4845"}],"wp:term":[{"taxonomy":"category","embeddable":true,"href":"https:\/\/www.obispadorqta.org.ar\/v3\/wp-json\/wp\/v2\/categories?post=4845"},{"taxonomy":"post_tag","embeddable":true,"href":"https:\/\/www.obispadorqta.org.ar\/v3\/wp-json\/wp\/v2\/tags?post=4845"}],"curies":[{"name":"wp","href":"https:\/\/api.w.org\/{rel}","templated":true}]}}