{"id":4856,"date":"2020-02-10T08:39:35","date_gmt":"2020-02-10T11:39:35","guid":{"rendered":"http:\/\/www.obispadorqta.org.ar\/v3\/?p=4856"},"modified":"2020-02-10T10:44:58","modified_gmt":"2020-02-10T13:44:58","slug":"convivencia-de-mons-angel-jose-macin-con-seminaristas-de-la-diocesis","status":"publish","type":"post","link":"https:\/\/www.obispadorqta.org.ar\/v3\/convivencia-de-mons-angel-jose-macin-con-seminaristas-de-la-diocesis\/","title":{"rendered":"Convivencia de Mons. \u00c1ngel Jos\u00e9 Mac\u00edn con seminaristas de la Di\u00f3cesis"},"content":{"rendered":"<p style=\"text-align: justify;\">Desde este lunes 10 de febrero hasta el d\u00eda 15 de febrero, el Obispo diocesano, Mons. \u00c1ngel Jos\u00e9 Mac\u00edn, junto a los seminaristas de nuestra di\u00f3cesis de Reconquista, comparten una convivencia fraterna, en la cual llevar\u00e1n a cabo diversas actividades en un ambiente de fraternidad y de vida comunitaria. La misma tiene lugar en la ciudad de Corrientes.<\/p>\n<p style=\"text-align: justify;\">Rezamos por nuestro Obispo y seminaristas, para que este espacio y tiempo compartido permita seguir fortaleciendo los v\u00ednculos entre si, como as\u00ed tambi\u00e9n, por las vocaciones de toda nuestra Iglesia.<\/p>\n","protected":false},"excerpt":{"rendered":"<div class=\"mh-excerpt\"><p>Desde este lunes 10 de febrero hasta el d\u00eda 15 de febrero, el Obispo diocesano, Mons. \u00c1ngel Jos\u00e9 Mac\u00edn, junto a los seminaristas de nuestra <a class=\"mh-excerpt-more\" href=\"https:\/\/www.obispadorqta.org.ar\/v3\/convivencia-de-mons-angel-jose-macin-con-seminaristas-de-la-diocesis\/\" title=\"Convivencia de Mons. \u00c1ngel Jos\u00e9 Mac\u00edn con seminaristas de la Di\u00f3cesis\">[&#8230;]<\/a><\/p>\n<\/div>","protected":false},"author":2,"featured_media":4859,"comment_status":"closed","ping_status":"open","sticky":false,"template":"","format":"standard","meta":{"footnotes":""},"categories":[28],"tags":[],"class_list":["post-4856","post","type-post","status-publish","format-standard","has-post-thumbnail","hentry","category-latest-news"],"_links":{"self":[{"href":"https:\/\/www.obispadorqta.org.ar\/v3\/wp-json\/wp\/v2\/posts\/4856","targetHints":{"allow":["GET"]}}],"collection":[{"href":"https:\/\/www.obispadorqta.org.ar\/v3\/wp-json\/wp\/v2\/posts"}],"about":[{"href":"https:\/\/www.obispadorqta.org.ar\/v3\/wp-json\/wp\/v2\/types\/post"}],"author":[{"embeddable":true,"href":"https:\/\/www.obispadorqta.org.ar\/v3\/wp-json\/wp\/v2\/users\/2"}],"replies":[{"embeddable":true,"href":"https:\/\/www.obispadorqta.org.ar\/v3\/wp-json\/wp\/v2\/comments?post=4856"}],"version-history":[{"count":2,"href":"https:\/\/www.obispadorqta.org.ar\/v3\/wp-json\/wp\/v2\/posts\/4856\/revisions"}],"predecessor-version":[{"id":4858,"href":"https:\/\/www.obispadorqta.org.ar\/v3\/wp-json\/wp\/v2\/posts\/4856\/revisions\/4858"}],"wp:featuredmedia":[{"embeddable":true,"href":"https:\/\/www.obispadorqta.org.ar\/v3\/wp-json\/wp\/v2\/media\/4859"}],"wp:attachment":[{"href":"https:\/\/www.obispadorqta.org.ar\/v3\/wp-json\/wp\/v2\/media?parent=4856"}],"wp:term":[{"taxonomy":"category","embeddable":true,"href":"https:\/\/www.obispadorqta.org.ar\/v3\/wp-json\/wp\/v2\/categories?post=4856"},{"taxonomy":"post_tag","embeddable":true,"href":"https:\/\/www.obispadorqta.org.ar\/v3\/wp-json\/wp\/v2\/tags?post=4856"}],"curies":[{"name":"wp","href":"https:\/\/api.w.org\/{rel}","templated":true}]}}