{"id":4861,"date":"2020-02-11T08:59:48","date_gmt":"2020-02-11T11:59:48","guid":{"rendered":"http:\/\/www.obispadorqta.org.ar\/v3\/?p=4861"},"modified":"2020-02-11T09:00:33","modified_gmt":"2020-02-11T12:00:33","slug":"colores-nuevos-para-tiempos-nuevos","status":"publish","type":"post","link":"https:\/\/www.obispadorqta.org.ar\/v3\/colores-nuevos-para-tiempos-nuevos\/","title":{"rendered":"Colores nuevos para tiempos nuevos"},"content":{"rendered":"<p style=\"text-align: justify;\">Hoy 11 de febrero, festividad de Nuestra Se\u00f1ora de Lourdes, compartimos con ustedes la Carta Pastoral de Mons. \u00c1ngel Jos\u00e9 Mac\u00edn, Obispo de Reconquista, con ocasi\u00f3n de celebrarse los cincuenta a\u00f1os del Movimiento de Cursillos de Cristiandad en la Di\u00f3cesis de Reconquista.<\/p>\n<p style=\"text-align: justify;\">Este momento jubilar, se extender\u00e1 desde el domingo 23 de febrero hasta el domingo 25 de octubre del corriente a\u00f1o.<\/p>\n<p style=\"text-align: justify;\">Invitamos a todos, a participar de las distintas celebraciones y actividades que se desarrollaran durante este tiempo jubilar, agradeciendo por estos cincuenta a\u00f1os del Movimiento de Cursillos de Cristiandad.<\/p>\n<p>\u00a0<\/p>\n\n\n<div class=\"wp-block-file\"><a href=\"https:\/\/www.obispadorqta.org.ar\/v3\/wp-content\/uploads\/2020\/02\/jubileo-cursillo.pdf\">Carta Pastoral \u00abColores nuevos para tiempos nuevos\u00bb<\/a><a href=\"https:\/\/www.obispadorqta.org.ar\/v3\/wp-content\/uploads\/2020\/02\/jubileo-cursillo.pdf\" class=\"wp-block-file__button\" download>Descarga<\/a><\/div>\n\n\n\n<p><\/p>\n\n\n\n<p><\/p>\n","protected":false},"excerpt":{"rendered":"<div class=\"mh-excerpt\"><p>Hoy 11 de febrero, festividad de Nuestra Se\u00f1ora de Lourdes, compartimos con ustedes la Carta Pastoral de Mons. \u00c1ngel Jos\u00e9 Mac\u00edn, Obispo de Reconquista, con <a class=\"mh-excerpt-more\" href=\"https:\/\/www.obispadorqta.org.ar\/v3\/colores-nuevos-para-tiempos-nuevos\/\" title=\"Colores nuevos para tiempos nuevos\">[&#8230;]<\/a><\/p>\n<\/div>","protected":false},"author":3,"featured_media":4867,"comment_status":"closed","ping_status":"open","sticky":false,"template":"","format":"standard","meta":{"footnotes":""},"categories":[28],"tags":[],"class_list":["post-4861","post","type-post","status-publish","format-standard","has-post-thumbnail","hentry","category-latest-news"],"_links":{"self":[{"href":"https:\/\/www.obispadorqta.org.ar\/v3\/wp-json\/wp\/v2\/posts\/4861","targetHints":{"allow":["GET"]}}],"collection":[{"href":"https:\/\/www.obispadorqta.org.ar\/v3\/wp-json\/wp\/v2\/posts"}],"about":[{"href":"https:\/\/www.obispadorqta.org.ar\/v3\/wp-json\/wp\/v2\/types\/post"}],"author":[{"embeddable":true,"href":"https:\/\/www.obispadorqta.org.ar\/v3\/wp-json\/wp\/v2\/users\/3"}],"replies":[{"embeddable":true,"href":"https:\/\/www.obispadorqta.org.ar\/v3\/wp-json\/wp\/v2\/comments?post=4861"}],"version-history":[{"count":2,"href":"https:\/\/www.obispadorqta.org.ar\/v3\/wp-json\/wp\/v2\/posts\/4861\/revisions"}],"predecessor-version":[{"id":4866,"href":"https:\/\/www.obispadorqta.org.ar\/v3\/wp-json\/wp\/v2\/posts\/4861\/revisions\/4866"}],"wp:featuredmedia":[{"embeddable":true,"href":"https:\/\/www.obispadorqta.org.ar\/v3\/wp-json\/wp\/v2\/media\/4867"}],"wp:attachment":[{"href":"https:\/\/www.obispadorqta.org.ar\/v3\/wp-json\/wp\/v2\/media?parent=4861"}],"wp:term":[{"taxonomy":"category","embeddable":true,"href":"https:\/\/www.obispadorqta.org.ar\/v3\/wp-json\/wp\/v2\/categories?post=4861"},{"taxonomy":"post_tag","embeddable":true,"href":"https:\/\/www.obispadorqta.org.ar\/v3\/wp-json\/wp\/v2\/tags?post=4861"}],"curies":[{"name":"wp","href":"https:\/\/api.w.org\/{rel}","templated":true}]}}