{"id":4870,"date":"2020-02-12T09:34:55","date_gmt":"2020-02-12T12:34:55","guid":{"rendered":"http:\/\/www.obispadorqta.org.ar\/v3\/?p=4870"},"modified":"2020-02-12T09:37:09","modified_gmt":"2020-02-12T12:37:09","slug":"querida-amazonia","status":"publish","type":"post","link":"https:\/\/www.obispadorqta.org.ar\/v3\/querida-amazonia\/","title":{"rendered":"\u201cQuerida Amazon\u00eda\u201d"},"content":{"rendered":"<p style=\"text-align: justify;\">En el d\u00eda de la fecha, se ha llevado a cabo la presentaci\u00f3n de la exhortaci\u00f3n apost\u00f3lica postsinodal\u00a0<em>\u201cQuerida Amazon\u00eda\u201d<\/em>, \u00a0documento en el cu\u00e1l el Papa\u00a0Francisco subraya que desea \u201cexpresar las resonancias\u201d que el S\u00ednodo provocaron en \u00e9l, y precisa que no pretende sustituir ni repetir el Documento Final, al que invita a leer \u201c\u00edntegramente\u201d, esperando que toda la Iglesia se deje \u201cenriquecer e interpelar\u201d por ese texto y que la Iglesia de la Amazon\u00eda se comprometa \u201cen su aplicaci\u00f3n\u201d.<\/p>\n<p style=\"text-align: justify;\">En la exhortaci\u00f3n postsinodal <em>\u201cQuerida Amazon\u00eda\u201d<\/em>, Francisco traza nuevos caminos de evangelizaci\u00f3n y alienta al cuidado del medioambiente y de los pobres en este pulm\u00f3n del mundo. Desea un nuevo impulso misionero y alienta el papel de los laicos en las comunidades eclesiales.<\/p>\n<p>A continuaci\u00f3n compartimos el archivo que contiene el texto completo de la exhortaci\u00f3n apost\u00f3lica:<\/p>\n\n\n<div class=\"wp-block-file\"><a href=\"https:\/\/www.obispadorqta.org.ar\/v3\/wp-content\/uploads\/2020\/02\/002-EXHORTACION-APOSTOLICA-POSTSINODAL-QUERIDA-AMAZONIA-ES.pdf\">EXHORTACION APOSTOLICA POSTSINODAL QUERIDA AMAZONIA<\/a><a href=\"https:\/\/www.obispadorqta.org.ar\/v3\/wp-content\/uploads\/2020\/02\/002-EXHORTACION-APOSTOLICA-POSTSINODAL-QUERIDA-AMAZONIA-ES.pdf\" class=\"wp-block-file__button\" download>Descarga<\/a><\/div>\n","protected":false},"excerpt":{"rendered":"<div class=\"mh-excerpt\"><p>En el d\u00eda de la fecha, se ha llevado a cabo la presentaci\u00f3n de la exhortaci\u00f3n apost\u00f3lica postsinodal\u00a0\u201cQuerida Amazon\u00eda\u201d, \u00a0documento en el cu\u00e1l el Papa\u00a0Francisco <a class=\"mh-excerpt-more\" href=\"https:\/\/www.obispadorqta.org.ar\/v3\/querida-amazonia\/\" title=\"\u201cQuerida Amazon\u00eda\u201d\">[&#8230;]<\/a><\/p>\n<\/div>","protected":false},"author":2,"featured_media":4874,"comment_status":"closed","ping_status":"open","sticky":false,"template":"","format":"standard","meta":{"footnotes":""},"categories":[28],"tags":[],"class_list":["post-4870","post","type-post","status-publish","format-standard","has-post-thumbnail","hentry","category-latest-news"],"_links":{"self":[{"href":"https:\/\/www.obispadorqta.org.ar\/v3\/wp-json\/wp\/v2\/posts\/4870","targetHints":{"allow":["GET"]}}],"collection":[{"href":"https:\/\/www.obispadorqta.org.ar\/v3\/wp-json\/wp\/v2\/posts"}],"about":[{"href":"https:\/\/www.obispadorqta.org.ar\/v3\/wp-json\/wp\/v2\/types\/post"}],"author":[{"embeddable":true,"href":"https:\/\/www.obispadorqta.org.ar\/v3\/wp-json\/wp\/v2\/users\/2"}],"replies":[{"embeddable":true,"href":"https:\/\/www.obispadorqta.org.ar\/v3\/wp-json\/wp\/v2\/comments?post=4870"}],"version-history":[{"count":2,"href":"https:\/\/www.obispadorqta.org.ar\/v3\/wp-json\/wp\/v2\/posts\/4870\/revisions"}],"predecessor-version":[{"id":4875,"href":"https:\/\/www.obispadorqta.org.ar\/v3\/wp-json\/wp\/v2\/posts\/4870\/revisions\/4875"}],"wp:featuredmedia":[{"embeddable":true,"href":"https:\/\/www.obispadorqta.org.ar\/v3\/wp-json\/wp\/v2\/media\/4874"}],"wp:attachment":[{"href":"https:\/\/www.obispadorqta.org.ar\/v3\/wp-json\/wp\/v2\/media?parent=4870"}],"wp:term":[{"taxonomy":"category","embeddable":true,"href":"https:\/\/www.obispadorqta.org.ar\/v3\/wp-json\/wp\/v2\/categories?post=4870"},{"taxonomy":"post_tag","embeddable":true,"href":"https:\/\/www.obispadorqta.org.ar\/v3\/wp-json\/wp\/v2\/tags?post=4870"}],"curies":[{"name":"wp","href":"https:\/\/api.w.org\/{rel}","templated":true}]}}