{"id":4876,"date":"2020-02-14T09:39:32","date_gmt":"2020-02-14T12:39:32","guid":{"rendered":"http:\/\/www.obispadorqta.org.ar\/v3\/?p=4876"},"modified":"2020-02-14T09:41:02","modified_gmt":"2020-02-14T12:41:02","slug":"mensaje-de-la-comision-episcopal-de-pastoral-aborgen","status":"publish","type":"post","link":"https:\/\/www.obispadorqta.org.ar\/v3\/mensaje-de-la-comision-episcopal-de-pastoral-aborgen\/","title":{"rendered":"Mensaje de la Comisi\u00f3n Episcopal de Pastoral Aborigen"},"content":{"rendered":"<p style=\"text-align: justify;\">A continuaci\u00f3n, compartimos el mensaje de la Comisi\u00f3n Episcopal de Pastoral Aborigen, comisi\u00f3n presidida por nuestro Obispo Diocesano, Mons. Dr. \u00c1ngel Jos\u00e9 Mac\u00edn, y como miembros el Obispo de Oran, Mons. Luis Scozzina y el Obispo de Bariloche, Mons. Juan Jos\u00e9 Chaparro.<\/p>\n<p><\/p>\n\n\n<p class=\"has-text-color has-text-align-center has-vivid-red-color\"><strong> Mensaje de la Comisi\u00f3n Episcopal de Pastoral Aborigen sobre la desnutrici\u00f3n y muerte de ni\u00f1os ind\u00edgenas en el norte argentino <\/strong><\/p>\n\n\n\n<figure class=\"wp-block-image size-large is-resized\"><img loading=\"lazy\" decoding=\"async\" src=\"https:\/\/www.obispadorqta.org.ar\/v3\/wp-content\/uploads\/2020\/02\/2343.jpg\" alt=\"\" class=\"wp-image-4877\" width=\"588\" height=\"440\" srcset=\"https:\/\/www.obispadorqta.org.ar\/v3\/wp-content\/uploads\/2020\/02\/2343.jpg 800w, https:\/\/www.obispadorqta.org.ar\/v3\/wp-content\/uploads\/2020\/02\/2343-300x225.jpg 300w, https:\/\/www.obispadorqta.org.ar\/v3\/wp-content\/uploads\/2020\/02\/2343-768x575.jpg 768w, https:\/\/www.obispadorqta.org.ar\/v3\/wp-content\/uploads\/2020\/02\/2343-678x509.jpg 678w, https:\/\/www.obispadorqta.org.ar\/v3\/wp-content\/uploads\/2020\/02\/2343-326x245.jpg 326w, https:\/\/www.obispadorqta.org.ar\/v3\/wp-content\/uploads\/2020\/02\/2343-80x60.jpg 80w\" sizes=\"auto, (max-width: 588px) 100vw, 588px\" \/><\/figure>\n\n\n<p style=\"text-align: center;\">\n<\/p><p style=\"text-align: justify;\">A la luz de la Exhortaci\u00f3n apost\u00f3lica \u201cQuerida Amazon\u00eda\u201d, queremos invitarlos a mirar la realidad angustiante que viven los pueblos y comunidades originarias y tambi\u00e9n criollas de la regi\u00f3n de nuestro Chaco Argentino, por la desnutrici\u00f3n y muerte de los ni\u00f1os, la falta de agua potable y otros flagelos.<\/p>\n<p style=\"text-align: justify;\">No podemos dar respuestas inmediatas a las urgencias sociales y sanitarias que viven muchas comunidades, pero s\u00ed asumir una actitud misericordiosa que nos libere de la indiferencia y del sensacionalismo medi\u00e1tico y nos haga solidarios con sufrimiento de los m\u00e1s olvidados.<\/p>\n<p style=\"text-align: justify;\">Estas palabras del Papa Francisco, referidas a la Amazon\u00eda nos ayudan a comprender la actual situaci\u00f3n que viven los pueblos originarios en nuestro Chaco argentino: \u201cLa disparidad de poder es enorme, los d\u00e9biles no tienen recursos para defenderse, mientras el ganador sigue llev\u00e1ndose todo\u2026 poderes locales, con la excusa del desarrollo, participaron de alianzas con el objetivo de arrasar la selva de manera impune y sin l\u00edmites\u201d (QA13).<\/p>\n<p style=\"text-align: justify;\">Una sociedad que no sabe cuidar de los ni\u00f1os y de los grupos m\u00e1s vulnerables corre serios riesgos de implosi\u00f3n y muerte. No podemos hipotecar nuestro futuro ni dejar que nos roben la esperanza, ya que no es posible \u201cmorirse de hambre en la tierra bendita del pan\u00bb.<\/p>\n<p style=\"text-align: justify;\">Es necesario escuchar el clamor de las comunidades originarias, que nos interpela como Iglesia y como sociedad, comprometi\u00e9ndonos a dialogar y articular, desde ENDEPA, con las organizaciones de la sociedad civil que acompa\u00f1an diversos emprendimientos comunitarios y de asistencia en el territorio, y con los gobiernos locales, provinciales y nacional, acciones concretas y tambi\u00e9n estructurales, que modifiquen la realidad actual.<\/p>\n<p><strong>\u2020 Luis Scozzina<\/strong> &nbsp; &nbsp; &nbsp; &nbsp; &nbsp; &nbsp; <strong>\u2020 Juan Jos\u00e9 Chaparro<\/strong> &nbsp; &nbsp; &nbsp; &nbsp; &nbsp;<strong> \u2020 \u00c1ngel Jos\u00e9 Macin<\/strong><\/p>\n<p>Obispo de Oran &nbsp; &nbsp; &nbsp; &nbsp; &nbsp; &nbsp;Obispo de Bariloche &nbsp; &nbsp; &nbsp; &nbsp; &nbsp;Obispo de Reconquista<\/p>","protected":false},"excerpt":{"rendered":"<div class=\"mh-excerpt\"><p>A continuaci\u00f3n, compartimos el mensaje de la Comisi\u00f3n Episcopal de Pastoral Aborigen, comisi\u00f3n presidida por nuestro Obispo Diocesano, Mons. Dr. \u00c1ngel Jos\u00e9 Mac\u00edn, y como <a class=\"mh-excerpt-more\" href=\"https:\/\/www.obispadorqta.org.ar\/v3\/mensaje-de-la-comision-episcopal-de-pastoral-aborgen\/\" title=\"Mensaje de la Comisi\u00f3n Episcopal de Pastoral Aborigen\">[&#8230;]<\/a><\/p>\n<\/div>","protected":false},"author":2,"featured_media":4884,"comment_status":"closed","ping_status":"open","sticky":false,"template":"","format":"standard","meta":{"footnotes":""},"categories":[6,28],"tags":[],"class_list":["post-4876","post","type-post","status-publish","format-standard","has-post-thumbnail","hentry","category-news","category-latest-news"],"_links":{"self":[{"href":"https:\/\/www.obispadorqta.org.ar\/v3\/wp-json\/wp\/v2\/posts\/4876","targetHints":{"allow":["GET"]}}],"collection":[{"href":"https:\/\/www.obispadorqta.org.ar\/v3\/wp-json\/wp\/v2\/posts"}],"about":[{"href":"https:\/\/www.obispadorqta.org.ar\/v3\/wp-json\/wp\/v2\/types\/post"}],"author":[{"embeddable":true,"href":"https:\/\/www.obispadorqta.org.ar\/v3\/wp-json\/wp\/v2\/users\/2"}],"replies":[{"embeddable":true,"href":"https:\/\/www.obispadorqta.org.ar\/v3\/wp-json\/wp\/v2\/comments?post=4876"}],"version-history":[{"count":8,"href":"https:\/\/www.obispadorqta.org.ar\/v3\/wp-json\/wp\/v2\/posts\/4876\/revisions"}],"predecessor-version":[{"id":4886,"href":"https:\/\/www.obispadorqta.org.ar\/v3\/wp-json\/wp\/v2\/posts\/4876\/revisions\/4886"}],"wp:featuredmedia":[{"embeddable":true,"href":"https:\/\/www.obispadorqta.org.ar\/v3\/wp-json\/wp\/v2\/media\/4884"}],"wp:attachment":[{"href":"https:\/\/www.obispadorqta.org.ar\/v3\/wp-json\/wp\/v2\/media?parent=4876"}],"wp:term":[{"taxonomy":"category","embeddable":true,"href":"https:\/\/www.obispadorqta.org.ar\/v3\/wp-json\/wp\/v2\/categories?post=4876"},{"taxonomy":"post_tag","embeddable":true,"href":"https:\/\/www.obispadorqta.org.ar\/v3\/wp-json\/wp\/v2\/tags?post=4876"}],"curies":[{"name":"wp","href":"https:\/\/api.w.org\/{rel}","templated":true}]}}