{"id":4907,"date":"2020-02-20T09:49:40","date_gmt":"2020-02-20T12:49:40","guid":{"rendered":"http:\/\/www.obispadorqta.org.ar\/v3\/?p=4907"},"modified":"2020-02-20T09:51:06","modified_gmt":"2020-02-20T12:51:06","slug":"retiro-laicas-consagradas-diocesanas","status":"publish","type":"post","link":"https:\/\/www.obispadorqta.org.ar\/v3\/retiro-laicas-consagradas-diocesanas\/","title":{"rendered":"RETIRO LAICAS CONSAGRADAS DIOCESANAS"},"content":{"rendered":"\n<p>Desde el s\u00e1bado 22, a las 18 hs., hasta el domingo 23 al mediod\u00eda se realizar\u00e1 el primer retiro de las laicas consagradas de nuestra Di\u00f3cesis. <\/p>\n\n\n\n<p>El mismo se llevar\u00e1 a cabo en el Carmelo San Jos\u00e9.<\/p>\n\n\n\n<p>Oramos por nuestras hermanas, para que puedan vivir una entrega cada vez m\u00e1s plena al Se\u00f1or.<\/p>\n\n\n\n<p><\/p>\n","protected":false},"excerpt":{"rendered":"<div class=\"mh-excerpt\"><p>Desde el s\u00e1bado 22, a las 18 hs., hasta el domingo 23 al mediod\u00eda se realizar\u00e1 el primer retiro de las laicas consagradas de nuestra <a class=\"mh-excerpt-more\" href=\"https:\/\/www.obispadorqta.org.ar\/v3\/retiro-laicas-consagradas-diocesanas\/\" title=\"RETIRO LAICAS CONSAGRADAS DIOCESANAS\">[&#8230;]<\/a><\/p>\n<\/div>","protected":false},"author":3,"featured_media":4908,"comment_status":"closed","ping_status":"open","sticky":false,"template":"","format":"standard","meta":{"footnotes":""},"categories":[6,28],"tags":[],"class_list":["post-4907","post","type-post","status-publish","format-standard","has-post-thumbnail","hentry","category-news","category-latest-news"],"_links":{"self":[{"href":"https:\/\/www.obispadorqta.org.ar\/v3\/wp-json\/wp\/v2\/posts\/4907","targetHints":{"allow":["GET"]}}],"collection":[{"href":"https:\/\/www.obispadorqta.org.ar\/v3\/wp-json\/wp\/v2\/posts"}],"about":[{"href":"https:\/\/www.obispadorqta.org.ar\/v3\/wp-json\/wp\/v2\/types\/post"}],"author":[{"embeddable":true,"href":"https:\/\/www.obispadorqta.org.ar\/v3\/wp-json\/wp\/v2\/users\/3"}],"replies":[{"embeddable":true,"href":"https:\/\/www.obispadorqta.org.ar\/v3\/wp-json\/wp\/v2\/comments?post=4907"}],"version-history":[{"count":2,"href":"https:\/\/www.obispadorqta.org.ar\/v3\/wp-json\/wp\/v2\/posts\/4907\/revisions"}],"predecessor-version":[{"id":4910,"href":"https:\/\/www.obispadorqta.org.ar\/v3\/wp-json\/wp\/v2\/posts\/4907\/revisions\/4910"}],"wp:featuredmedia":[{"embeddable":true,"href":"https:\/\/www.obispadorqta.org.ar\/v3\/wp-json\/wp\/v2\/media\/4908"}],"wp:attachment":[{"href":"https:\/\/www.obispadorqta.org.ar\/v3\/wp-json\/wp\/v2\/media?parent=4907"}],"wp:term":[{"taxonomy":"category","embeddable":true,"href":"https:\/\/www.obispadorqta.org.ar\/v3\/wp-json\/wp\/v2\/categories?post=4907"},{"taxonomy":"post_tag","embeddable":true,"href":"https:\/\/www.obispadorqta.org.ar\/v3\/wp-json\/wp\/v2\/tags?post=4907"}],"curies":[{"name":"wp","href":"https:\/\/api.w.org\/{rel}","templated":true}]}}