{"id":4915,"date":"2020-02-21T09:54:29","date_gmt":"2020-02-21T12:54:29","guid":{"rendered":"http:\/\/www.obispadorqta.org.ar\/v3\/?p=4915"},"modified":"2020-02-21T09:59:10","modified_gmt":"2020-02-21T12:59:10","slug":"campana-de-oracion-40-dias-por-la-vida","status":"publish","type":"post","link":"https:\/\/www.obispadorqta.org.ar\/v3\/campana-de-oracion-40-dias-por-la-vida\/","title":{"rendered":"CAMPA\u00d1A DE ORACI\u00d3N \u00ab40 D\u00cdAS POR LA VIDA\u00bb"},"content":{"rendered":"\n<p>El obispado de Reconquista adhiere a la convocatoria \u00ab40 d\u00edas por la vida\u00bb, campa\u00f1a de oraci\u00f3n que se llevar\u00e1 a cabo del 26 de febrero al 05 de abril.<\/p>\n\n\n\n<p>La misma est\u00e1 convocada por un grupo de fieles laicos.<\/p>\n\n\n\n<p><\/p>\n","protected":false},"excerpt":{"rendered":"<div class=\"mh-excerpt\"><p>El obispado de Reconquista adhiere a la convocatoria \u00ab40 d\u00edas por la vida\u00bb, campa\u00f1a de oraci\u00f3n que se llevar\u00e1 a cabo del 26 de febrero <a class=\"mh-excerpt-more\" href=\"https:\/\/www.obispadorqta.org.ar\/v3\/campana-de-oracion-40-dias-por-la-vida\/\" title=\"CAMPA\u00d1A DE ORACI\u00d3N \u00ab40 D\u00cdAS POR LA VIDA\u00bb\">[&#8230;]<\/a><\/p>\n<\/div>","protected":false},"author":3,"featured_media":4918,"comment_status":"closed","ping_status":"open","sticky":false,"template":"","format":"standard","meta":{"footnotes":""},"categories":[6,28],"tags":[],"class_list":["post-4915","post","type-post","status-publish","format-standard","has-post-thumbnail","hentry","category-news","category-latest-news"],"_links":{"self":[{"href":"https:\/\/www.obispadorqta.org.ar\/v3\/wp-json\/wp\/v2\/posts\/4915","targetHints":{"allow":["GET"]}}],"collection":[{"href":"https:\/\/www.obispadorqta.org.ar\/v3\/wp-json\/wp\/v2\/posts"}],"about":[{"href":"https:\/\/www.obispadorqta.org.ar\/v3\/wp-json\/wp\/v2\/types\/post"}],"author":[{"embeddable":true,"href":"https:\/\/www.obispadorqta.org.ar\/v3\/wp-json\/wp\/v2\/users\/3"}],"replies":[{"embeddable":true,"href":"https:\/\/www.obispadorqta.org.ar\/v3\/wp-json\/wp\/v2\/comments?post=4915"}],"version-history":[{"count":2,"href":"https:\/\/www.obispadorqta.org.ar\/v3\/wp-json\/wp\/v2\/posts\/4915\/revisions"}],"predecessor-version":[{"id":4919,"href":"https:\/\/www.obispadorqta.org.ar\/v3\/wp-json\/wp\/v2\/posts\/4915\/revisions\/4919"}],"wp:featuredmedia":[{"embeddable":true,"href":"https:\/\/www.obispadorqta.org.ar\/v3\/wp-json\/wp\/v2\/media\/4918"}],"wp:attachment":[{"href":"https:\/\/www.obispadorqta.org.ar\/v3\/wp-json\/wp\/v2\/media?parent=4915"}],"wp:term":[{"taxonomy":"category","embeddable":true,"href":"https:\/\/www.obispadorqta.org.ar\/v3\/wp-json\/wp\/v2\/categories?post=4915"},{"taxonomy":"post_tag","embeddable":true,"href":"https:\/\/www.obispadorqta.org.ar\/v3\/wp-json\/wp\/v2\/tags?post=4915"}],"curies":[{"name":"wp","href":"https:\/\/api.w.org\/{rel}","templated":true}]}}