{"id":4924,"date":"2020-02-26T09:48:21","date_gmt":"2020-02-26T12:48:21","guid":{"rendered":"http:\/\/www.obispadorqta.org.ar\/v3\/?p=4924"},"modified":"2020-02-26T09:48:41","modified_gmt":"2020-02-26T12:48:41","slug":"primera-reunion-anual-endepa","status":"publish","type":"post","link":"https:\/\/www.obispadorqta.org.ar\/v3\/primera-reunion-anual-endepa\/","title":{"rendered":"Primera reuni\u00f3n anual ENDEPA"},"content":{"rendered":"<p style=\"text-align: justify;\">Durante este fin de semana, desde el viernes 28 de febrero, al domingo 01 de marzo, se estar\u00e1 realizando el primer encuentro del a\u00f1o de los coordinadores de ENDEPA a nivel nacional. En este marco se realiza la programaci\u00f3n, coordinaci\u00f3n y fijaci\u00f3n de objetivos para 2020. El mismo ser\u00e1 acompa\u00f1ado por nuestro obispo diocesano, Mons. Dr. \u00c1ngel Jos\u00e9 Mac\u00edn, presidente de la comisi\u00f3n nacional de pastoral aborigen.<\/p>\n","protected":false},"excerpt":{"rendered":"<div class=\"mh-excerpt\"><p>Durante este fin de semana, desde el viernes 28 de febrero, al domingo 01 de marzo, se estar\u00e1 realizando el primer encuentro del a\u00f1o de <a class=\"mh-excerpt-more\" href=\"https:\/\/www.obispadorqta.org.ar\/v3\/primera-reunion-anual-endepa\/\" title=\"Primera reuni\u00f3n anual ENDEPA\">[&#8230;]<\/a><\/p>\n<\/div>","protected":false},"author":2,"featured_media":2934,"comment_status":"closed","ping_status":"open","sticky":false,"template":"","format":"standard","meta":{"footnotes":""},"categories":[28],"tags":[],"class_list":["post-4924","post","type-post","status-publish","format-standard","has-post-thumbnail","hentry","category-latest-news"],"_links":{"self":[{"href":"https:\/\/www.obispadorqta.org.ar\/v3\/wp-json\/wp\/v2\/posts\/4924","targetHints":{"allow":["GET"]}}],"collection":[{"href":"https:\/\/www.obispadorqta.org.ar\/v3\/wp-json\/wp\/v2\/posts"}],"about":[{"href":"https:\/\/www.obispadorqta.org.ar\/v3\/wp-json\/wp\/v2\/types\/post"}],"author":[{"embeddable":true,"href":"https:\/\/www.obispadorqta.org.ar\/v3\/wp-json\/wp\/v2\/users\/2"}],"replies":[{"embeddable":true,"href":"https:\/\/www.obispadorqta.org.ar\/v3\/wp-json\/wp\/v2\/comments?post=4924"}],"version-history":[{"count":1,"href":"https:\/\/www.obispadorqta.org.ar\/v3\/wp-json\/wp\/v2\/posts\/4924\/revisions"}],"predecessor-version":[{"id":4929,"href":"https:\/\/www.obispadorqta.org.ar\/v3\/wp-json\/wp\/v2\/posts\/4924\/revisions\/4929"}],"wp:featuredmedia":[{"embeddable":true,"href":"https:\/\/www.obispadorqta.org.ar\/v3\/wp-json\/wp\/v2\/media\/2934"}],"wp:attachment":[{"href":"https:\/\/www.obispadorqta.org.ar\/v3\/wp-json\/wp\/v2\/media?parent=4924"}],"wp:term":[{"taxonomy":"category","embeddable":true,"href":"https:\/\/www.obispadorqta.org.ar\/v3\/wp-json\/wp\/v2\/categories?post=4924"},{"taxonomy":"post_tag","embeddable":true,"href":"https:\/\/www.obispadorqta.org.ar\/v3\/wp-json\/wp\/v2\/tags?post=4924"}],"curies":[{"name":"wp","href":"https:\/\/api.w.org\/{rel}","templated":true}]}}