{"id":4935,"date":"2020-02-26T12:12:31","date_gmt":"2020-02-26T15:12:31","guid":{"rendered":"http:\/\/www.obispadorqta.org.ar\/v3\/?p=4935"},"modified":"2020-02-26T12:17:35","modified_gmt":"2020-02-26T15:17:35","slug":"inicio-ciclo-lectivo-seminario-interdiocesano","status":"publish","type":"post","link":"https:\/\/www.obispadorqta.org.ar\/v3\/inicio-ciclo-lectivo-seminario-interdiocesano\/","title":{"rendered":"MISA INICIO CICLO LECTIVO SEMINARIO INTERDIOCESANO"},"content":{"rendered":"<p style=\"text-align: justify;\">El lunes 02 de marzo de 2020, con la celebraci\u00f3n de la Santa Misa a las 19 hs., se dar\u00e1 inicio formalmente al a\u00f1o formativo en el Seminario Interdiocesano \u00abLa Encarnaci\u00f3n\u00bb de Resistencia.<\/p>\n<p style=\"text-align: justify;\">Este a\u00f1o, nuestra di\u00f3cesis contar\u00e1 con contar\u00e1 con el ingreso de un nuevo seminarista.<\/p>\n<p style=\"text-align: justify;\">Al finalizar esta celebraci\u00f3n, habr\u00e1 un compartir fraterno.<\/p>\n<p style=\"text-align: justify;\">Invitamos a participar de este evento que congrega a toda la regi\u00f3n y a elevar nuestra oraci\u00f3n por las vocaciones.<\/p>\n<p style=\"text-align: justify;\">Posteriormente, desde el martes 03 al jueves 05 de marzo, se reunir\u00e1n los Obispos pertenecientes a la regi\u00f3n NEA. (Resistencia, Corrientes, San Roque, Iguaz\u00fa, Goya, Reconquista, Formosa, Ober\u00e1, Posadas y Santo Tom\u00e9).<\/p>\n<p style=\"text-align: justify;\">En esta oportunidad, tratar\u00e1n cuestiones de pastoral, agenda y trabajo de cada di\u00f3cesis a trav\u00e9s de una puesta en com\u00fan y buscando criterios de formaci\u00f3n, de evangelizaci\u00f3n y colaboraci\u00f3n de manera regional.<\/p>\n<p style=\"text-align: justify;\">Oramos por los frutos de esta reuni\u00f3n y por nuestros Obispos y Arzobispos de la regi\u00f3n NEA.<\/p>\n","protected":false},"excerpt":{"rendered":"<div class=\"mh-excerpt\"><p>El lunes 02 de marzo de 2020, con la celebraci\u00f3n de la Santa Misa a las 19 hs., se dar\u00e1 inicio formalmente al a\u00f1o formativo <a class=\"mh-excerpt-more\" href=\"https:\/\/www.obispadorqta.org.ar\/v3\/inicio-ciclo-lectivo-seminario-interdiocesano\/\" title=\"MISA INICIO CICLO LECTIVO SEMINARIO INTERDIOCESANO\">[&#8230;]<\/a><\/p>\n<\/div>","protected":false},"author":3,"featured_media":17,"comment_status":"closed","ping_status":"open","sticky":false,"template":"","format":"standard","meta":{"footnotes":""},"categories":[6,1,28],"tags":[],"class_list":["post-4935","post","type-post","status-publish","format-standard","has-post-thumbnail","hentry","category-news","category-sin-categoria","category-latest-news"],"_links":{"self":[{"href":"https:\/\/www.obispadorqta.org.ar\/v3\/wp-json\/wp\/v2\/posts\/4935","targetHints":{"allow":["GET"]}}],"collection":[{"href":"https:\/\/www.obispadorqta.org.ar\/v3\/wp-json\/wp\/v2\/posts"}],"about":[{"href":"https:\/\/www.obispadorqta.org.ar\/v3\/wp-json\/wp\/v2\/types\/post"}],"author":[{"embeddable":true,"href":"https:\/\/www.obispadorqta.org.ar\/v3\/wp-json\/wp\/v2\/users\/3"}],"replies":[{"embeddable":true,"href":"https:\/\/www.obispadorqta.org.ar\/v3\/wp-json\/wp\/v2\/comments?post=4935"}],"version-history":[{"count":2,"href":"https:\/\/www.obispadorqta.org.ar\/v3\/wp-json\/wp\/v2\/posts\/4935\/revisions"}],"predecessor-version":[{"id":4937,"href":"https:\/\/www.obispadorqta.org.ar\/v3\/wp-json\/wp\/v2\/posts\/4935\/revisions\/4937"}],"wp:featuredmedia":[{"embeddable":true,"href":"https:\/\/www.obispadorqta.org.ar\/v3\/wp-json\/wp\/v2\/media\/17"}],"wp:attachment":[{"href":"https:\/\/www.obispadorqta.org.ar\/v3\/wp-json\/wp\/v2\/media?parent=4935"}],"wp:term":[{"taxonomy":"category","embeddable":true,"href":"https:\/\/www.obispadorqta.org.ar\/v3\/wp-json\/wp\/v2\/categories?post=4935"},{"taxonomy":"post_tag","embeddable":true,"href":"https:\/\/www.obispadorqta.org.ar\/v3\/wp-json\/wp\/v2\/tags?post=4935"}],"curies":[{"name":"wp","href":"https:\/\/api.w.org\/{rel}","templated":true}]}}