{"id":4939,"date":"2020-03-10T09:06:10","date_gmt":"2020-03-10T12:06:10","guid":{"rendered":"http:\/\/www.obispadorqta.org.ar\/v3\/?p=4939"},"modified":"2020-03-10T09:48:55","modified_gmt":"2020-03-10T12:48:55","slug":"inscripcion-ciclo-lectivo-2020-instituto-de-teologia-y-pastoral","status":"publish","type":"post","link":"https:\/\/www.obispadorqta.org.ar\/v3\/inscripcion-ciclo-lectivo-2020-instituto-de-teologia-y-pastoral\/","title":{"rendered":"Inicio Ciclo Lectivo Instituto de Teolog\u00eda y Pastoral"},"content":{"rendered":"<p style=\"text-align: justify;\"><span style=\"color: #000000;\">El Instituto de Teolog\u00eda y Pastoral \u201cJuan Pablo II\u201d de la Di\u00f3cesis de Reconquista, est\u00e1 pr\u00f3ximo a iniciar su Ciclo Lectivo 2020.<\/span><\/p>\n<p style=\"text-align: justify;\"><span style=\"color: #000000;\">El Instituto ofrece una oportunidad a laicos de la di\u00f3cesis que deseen formarse en el estudio de la teolog\u00eda aplicada a la vida pastoral. Estamos comenzando un nuevo a\u00f1o de estudio y ofrecemos, como desde hace ya varios a\u00f1os, este espacio para la reflexi\u00f3n personal y una mejor preparaci\u00f3n para vivir la fe y potenciar la actividad pastoral.<\/span><\/p>\n<p style=\"text-align: justify;\"><span style=\"color: #000000;\"> Este a\u00f1o tendr\u00e1 la particularidad de poder realizarlo de forma virtual a distancia (s\u00f3lo para primer a\u00f1o). <\/span><\/p>\n<p style=\"text-align: justify;\"><span style=\"color: #000000;\"><strong>Las modalidades ser\u00e1n las siguientes:<\/strong> <\/span><br \/><span style=\"color: #000000;\"><strong>Primer A\u00f1o:<\/strong> La forma presencial ser\u00e1 en la Parroquia de Malabrigo.<\/span><br \/><span style=\"color: #000000;\">La forma virtual a distancia ser\u00e1 online usando v\u00eddeo en vivo que quedar\u00e1 para accesos posteriores. <\/span><br \/><span style=\"color: #000000;\"><strong>Segundo y Tercer A\u00f1o:<\/strong> Reconquista Colegio San Jos\u00e9<\/span><br \/><span style=\"color: #000000;\"><strong>Ciclo Optativo: <\/strong>Teolog\u00eda Espiritual y Misionolog\u00eda &#8211; Reconquista Colegio San Jos\u00e9<\/span><\/p>\n<p style=\"text-align: justify;\"><b>I<span style=\"color: #000000;\">nicio de Clases Mi\u00e9rcoles 11 de Marzo de 2020<\/span><\/b><br \/><span style=\"color: #000000;\">20:00 hs. Santa Misa presidida por el obispo diocesano,\u00a0 Mons. \u00c1ngel Jos\u00e9 Mac\u00edn\u00a0<\/span><\/p>\n<p style=\"text-align: justify;\"><span style=\"color: #000000;\">21:00 Clase Inaugural a cargo Mons. \u00c1ngel Jos\u00e9 Mac\u00edn, con el tema:<em> \u201cEl S\u00ednodo de la Amazonia y sus aportes para una ecolog\u00eda integral\u201d.<\/em><\/span><\/p>\n<p style=\"text-align: justify;\"><span style=\"color: #000000;\">Presentaci\u00f3n del Instructivo Acad\u00e9mico 2020, a cargo del Director del Instituto, Pbro. Lic. Gustavo Braidot<\/span><br \/><span style=\"color: #000000;\">Reuni\u00f3n Plenaria de Profesores del Instituto.<\/span><\/p>\n<p><strong>Lugar: COLEGIO \u201cSAN JOS\u00c9\u201d, Iturraspe 842, Reconquista<\/strong><br \/>Podr\u00e1n asistir todos los que deseen.<\/p>\n<p>El mi\u00e9rcoles 18 se realizar\u00e1 el inicio y presentaci\u00f3n del Instituto en Malabrigo con la Presencia de nuestro Obispo y repitiendo el mismo esquema de Reconquista.<\/p>\n<p style=\"text-align: justify;\"><span style=\"color: #000000;\">Para inscribirse a cualquiera de los a\u00f1os debe completar el formulario del siguiente link: <\/span><span style=\"color: #000000;\">https:\/\/forms.gle\/3iMhWTuEa6rWvYJd8<\/span><\/p>\n<p style=\"text-align: justify;\"><span style=\"color: #000000;\">Para mayor informaci\u00f3n dirigirse a la secretaria Martha Raff\u00edn: 3482 647971<\/span><\/p>\n<hr \/>\n<p style=\"text-align: center;\"><strong><span style=\"color: #000000;\">Inscripciones abiertas durante hasta mes de marzo<\/span><\/strong><\/p>\n<hr \/>\n<p>\u00a0<\/p>\n","protected":false},"excerpt":{"rendered":"<div class=\"mh-excerpt\"><p>El Instituto de Teolog\u00eda y Pastoral \u201cJuan Pablo II\u201d de la Di\u00f3cesis de Reconquista, est\u00e1 pr\u00f3ximo a iniciar su Ciclo Lectivo 2020. El Instituto ofrece <a class=\"mh-excerpt-more\" href=\"https:\/\/www.obispadorqta.org.ar\/v3\/inscripcion-ciclo-lectivo-2020-instituto-de-teologia-y-pastoral\/\" title=\"Inicio Ciclo Lectivo Instituto de Teolog\u00eda y Pastoral\">[&#8230;]<\/a><\/p>\n<\/div>","protected":false},"author":3,"featured_media":2520,"comment_status":"closed","ping_status":"open","sticky":false,"template":"","format":"standard","meta":{"footnotes":""},"categories":[6,1,28],"tags":[],"class_list":["post-4939","post","type-post","status-publish","format-standard","has-post-thumbnail","hentry","category-news","category-sin-categoria","category-latest-news"],"_links":{"self":[{"href":"https:\/\/www.obispadorqta.org.ar\/v3\/wp-json\/wp\/v2\/posts\/4939","targetHints":{"allow":["GET"]}}],"collection":[{"href":"https:\/\/www.obispadorqta.org.ar\/v3\/wp-json\/wp\/v2\/posts"}],"about":[{"href":"https:\/\/www.obispadorqta.org.ar\/v3\/wp-json\/wp\/v2\/types\/post"}],"author":[{"embeddable":true,"href":"https:\/\/www.obispadorqta.org.ar\/v3\/wp-json\/wp\/v2\/users\/3"}],"replies":[{"embeddable":true,"href":"https:\/\/www.obispadorqta.org.ar\/v3\/wp-json\/wp\/v2\/comments?post=4939"}],"version-history":[{"count":6,"href":"https:\/\/www.obispadorqta.org.ar\/v3\/wp-json\/wp\/v2\/posts\/4939\/revisions"}],"predecessor-version":[{"id":4973,"href":"https:\/\/www.obispadorqta.org.ar\/v3\/wp-json\/wp\/v2\/posts\/4939\/revisions\/4973"}],"wp:featuredmedia":[{"embeddable":true,"href":"https:\/\/www.obispadorqta.org.ar\/v3\/wp-json\/wp\/v2\/media\/2520"}],"wp:attachment":[{"href":"https:\/\/www.obispadorqta.org.ar\/v3\/wp-json\/wp\/v2\/media?parent=4939"}],"wp:term":[{"taxonomy":"category","embeddable":true,"href":"https:\/\/www.obispadorqta.org.ar\/v3\/wp-json\/wp\/v2\/categories?post=4939"},{"taxonomy":"post_tag","embeddable":true,"href":"https:\/\/www.obispadorqta.org.ar\/v3\/wp-json\/wp\/v2\/tags?post=4939"}],"curies":[{"name":"wp","href":"https:\/\/api.w.org\/{rel}","templated":true}]}}