{"id":4948,"date":"2020-03-03T17:15:49","date_gmt":"2020-03-03T20:15:49","guid":{"rendered":"http:\/\/www.obispadorqta.org.ar\/v3\/?p=4948"},"modified":"2020-03-03T20:33:56","modified_gmt":"2020-03-03T23:33:56","slug":"mensaje-de-los-obispos-del-nea","status":"publish","type":"post","link":"https:\/\/www.obispadorqta.org.ar\/v3\/mensaje-de-los-obispos-del-nea\/","title":{"rendered":"MENSAJE DE LOS OBISPOS DEL NEA"},"content":{"rendered":"<h3 style=\"text-align: center;\"><strong>\u201cELIGE LA VIDA\u201d<\/strong><\/h3>\n<p style=\"text-align: justify;\">&nbsp; &nbsp; &nbsp;Los obispos de la regi\u00f3n pastoral del nordeste argentino, reunidos fraternalmente para compartir el camino evangelizador de la regi\u00f3n, queremos expresar con claridad y vehemencia nuestra adhesi\u00f3n a la convocatoria para el 8 de marzo del 2020 en Luj\u00e1n. Decimos s\u00ed a las mujeres y s\u00ed a la vida, y nos comprometemos a fomentar y acompa\u00f1ar este tipo de iniciativas en nuestras respectivas di\u00f3cesis.<\/p>\n<p>&nbsp; &nbsp; &nbsp;Sostenemos que un pueblo que no respeta la vida, especialmente la m\u00e1s fr\u00e1gil y vulnerable, camina hacia las tinieblas y la muerte, seg\u00fan nos advierte el Se\u00f1or en su Palabra: \u201cHe puesto ante ti la vida y la muerte, la bendici\u00f3n y la maldici\u00f3n. Elige pues la vida, para que vivas, t\u00fa y tu descendencia\u201d (Dt 30,15).<\/p>\n<p>&nbsp; &nbsp; &nbsp;Que Mar\u00eda de Luj\u00e1n, casa de todos los argentinos, nos anime a optar una vez m\u00e1s por la vida.<\/p>\n<p style=\"text-align: right;\">Corrientes, 03 de marzo 2020<\/p>\n<h6 style=\"text-align: right;\">Mons. Andres Stanovnik, Mons. Ram\u00f3n Dus, Mons. Jos\u00e9 Vicente Conejero, Mons. Juan Rub\u00e9n Martinez, Mons. Hugo Barbaro, Mons. Dami\u00e1n Bitar, Mons. \u00c1ngel Jos\u00e9 Mac\u00edn, Mons. Adolfo Canecin, Mons. Gustavo Montini.<\/h6>\n\n\n<p><\/p>\n","protected":false},"excerpt":{"rendered":"<div class=\"mh-excerpt\"><p>\u201cELIGE LA VIDA\u201d &nbsp; &nbsp; &nbsp;Los obispos de la regi\u00f3n pastoral del nordeste argentino, reunidos fraternalmente para compartir el camino evangelizador de la regi\u00f3n, queremos <a class=\"mh-excerpt-more\" href=\"https:\/\/www.obispadorqta.org.ar\/v3\/mensaje-de-los-obispos-del-nea\/\" title=\"MENSAJE DE LOS OBISPOS DEL NEA\">[&#8230;]<\/a><\/p>\n<\/div>","protected":false},"author":2,"featured_media":4955,"comment_status":"closed","ping_status":"open","sticky":false,"template":"","format":"standard","meta":{"footnotes":""},"categories":[28],"tags":[],"class_list":["post-4948","post","type-post","status-publish","format-standard","has-post-thumbnail","hentry","category-latest-news"],"_links":{"self":[{"href":"https:\/\/www.obispadorqta.org.ar\/v3\/wp-json\/wp\/v2\/posts\/4948","targetHints":{"allow":["GET"]}}],"collection":[{"href":"https:\/\/www.obispadorqta.org.ar\/v3\/wp-json\/wp\/v2\/posts"}],"about":[{"href":"https:\/\/www.obispadorqta.org.ar\/v3\/wp-json\/wp\/v2\/types\/post"}],"author":[{"embeddable":true,"href":"https:\/\/www.obispadorqta.org.ar\/v3\/wp-json\/wp\/v2\/users\/2"}],"replies":[{"embeddable":true,"href":"https:\/\/www.obispadorqta.org.ar\/v3\/wp-json\/wp\/v2\/comments?post=4948"}],"version-history":[{"count":8,"href":"https:\/\/www.obispadorqta.org.ar\/v3\/wp-json\/wp\/v2\/posts\/4948\/revisions"}],"predecessor-version":[{"id":4957,"href":"https:\/\/www.obispadorqta.org.ar\/v3\/wp-json\/wp\/v2\/posts\/4948\/revisions\/4957"}],"wp:featuredmedia":[{"embeddable":true,"href":"https:\/\/www.obispadorqta.org.ar\/v3\/wp-json\/wp\/v2\/media\/4955"}],"wp:attachment":[{"href":"https:\/\/www.obispadorqta.org.ar\/v3\/wp-json\/wp\/v2\/media?parent=4948"}],"wp:term":[{"taxonomy":"category","embeddable":true,"href":"https:\/\/www.obispadorqta.org.ar\/v3\/wp-json\/wp\/v2\/categories?post=4948"},{"taxonomy":"post_tag","embeddable":true,"href":"https:\/\/www.obispadorqta.org.ar\/v3\/wp-json\/wp\/v2\/tags?post=4948"}],"curies":[{"name":"wp","href":"https:\/\/api.w.org\/{rel}","templated":true}]}}