{"id":4963,"date":"2020-03-07T08:23:03","date_gmt":"2020-03-07T11:23:03","guid":{"rendered":"http:\/\/www.obispadorqta.org.ar\/v3\/?p=4963"},"modified":"2020-03-07T08:23:43","modified_gmt":"2020-03-07T11:23:43","slug":"duelo-2","status":"publish","type":"post","link":"https:\/\/www.obispadorqta.org.ar\/v3\/duelo-2\/","title":{"rendered":"Duelo"},"content":{"rendered":"<p style=\"text-align: justify;\">Comunicamos, con pesar, que anoche en la ciudad de Calchaqu\u00ed falleci\u00f3 \u00abCoqui\u00bb de Gonz\u00e1lez, madre del Pbro. Rolando Danilo Gonz\u00e1lez, p\u00e1rroco de la Parroquia \u00abInmaculada Concepci\u00f3n\u00bb de Villa Ocampo.<\/p>\n<p style=\"text-align: justify;\">El responso es hoy, s\u00e1bado 7 de marzo, a las 9:30 hs. Rezamos por su eterno descanso y el consuelo de su familia.<\/p>\n","protected":false},"excerpt":{"rendered":"<div class=\"mh-excerpt\"><p>Comunicamos, con pesar, que anoche en la ciudad de Calchaqu\u00ed falleci\u00f3 \u00abCoqui\u00bb de Gonz\u00e1lez, madre del Pbro. Rolando Danilo Gonz\u00e1lez, p\u00e1rroco de la Parroquia \u00abInmaculada <a class=\"mh-excerpt-more\" href=\"https:\/\/www.obispadorqta.org.ar\/v3\/duelo-2\/\" title=\"Duelo\">[&#8230;]<\/a><\/p>\n<\/div>","protected":false},"author":2,"featured_media":4965,"comment_status":"closed","ping_status":"open","sticky":false,"template":"","format":"standard","meta":{"footnotes":""},"categories":[1],"tags":[],"class_list":["post-4963","post","type-post","status-publish","format-standard","has-post-thumbnail","hentry","category-sin-categoria"],"_links":{"self":[{"href":"https:\/\/www.obispadorqta.org.ar\/v3\/wp-json\/wp\/v2\/posts\/4963","targetHints":{"allow":["GET"]}}],"collection":[{"href":"https:\/\/www.obispadorqta.org.ar\/v3\/wp-json\/wp\/v2\/posts"}],"about":[{"href":"https:\/\/www.obispadorqta.org.ar\/v3\/wp-json\/wp\/v2\/types\/post"}],"author":[{"embeddable":true,"href":"https:\/\/www.obispadorqta.org.ar\/v3\/wp-json\/wp\/v2\/users\/2"}],"replies":[{"embeddable":true,"href":"https:\/\/www.obispadorqta.org.ar\/v3\/wp-json\/wp\/v2\/comments?post=4963"}],"version-history":[{"count":1,"href":"https:\/\/www.obispadorqta.org.ar\/v3\/wp-json\/wp\/v2\/posts\/4963\/revisions"}],"predecessor-version":[{"id":4964,"href":"https:\/\/www.obispadorqta.org.ar\/v3\/wp-json\/wp\/v2\/posts\/4963\/revisions\/4964"}],"wp:featuredmedia":[{"embeddable":true,"href":"https:\/\/www.obispadorqta.org.ar\/v3\/wp-json\/wp\/v2\/media\/4965"}],"wp:attachment":[{"href":"https:\/\/www.obispadorqta.org.ar\/v3\/wp-json\/wp\/v2\/media?parent=4963"}],"wp:term":[{"taxonomy":"category","embeddable":true,"href":"https:\/\/www.obispadorqta.org.ar\/v3\/wp-json\/wp\/v2\/categories?post=4963"},{"taxonomy":"post_tag","embeddable":true,"href":"https:\/\/www.obispadorqta.org.ar\/v3\/wp-json\/wp\/v2\/tags?post=4963"}],"curies":[{"name":"wp","href":"https:\/\/api.w.org\/{rel}","templated":true}]}}