{"id":4977,"date":"2020-03-11T10:19:46","date_gmt":"2020-03-11T13:19:46","guid":{"rendered":"http:\/\/www.obispadorqta.org.ar\/v3\/?p=4977"},"modified":"2020-03-11T10:29:35","modified_gmt":"2020-03-11T13:29:35","slug":"seminario-diocesano-de-catequesis-sedioca","status":"publish","type":"post","link":"https:\/\/www.obispadorqta.org.ar\/v3\/seminario-diocesano-de-catequesis-sedioca\/","title":{"rendered":"Seminario Diocesano de Catequesis &#8211; SEDIOCA"},"content":{"rendered":"<p style=\"text-align: justify;\"><span style=\"color: #000000;\">Bajo el lema<strong><em> \u201cCatequistas al encuentro de Jes\u00fas\u201d<\/em><\/strong>, el pr\u00f3ximo 14 de marzo se llevar\u00e1 a cabo el Seminario Diocesano de Catequesis, SEDIOCA. <\/span><\/p>\n<p style=\"text-align: justify;\"><span style=\"color: #000000;\">Continuando con la tem\u00e1tica del a\u00f1o anterior, de crecer en el acompa\u00f1amiento de la catequesis, se profundizara en el camino de la decisi\u00f3n, decidi\u00e9ndonos por Jes\u00fas. Tendr\u00e1 la modalidad de taller y estar\u00e1 animado por integrantes del Centro de Espiritualidad Santa Mar\u00eda de Buenos Aires. <\/span><\/p>\n<p style=\"text-align: justify;\"><span style=\"color: #000000;\">La jornada estar\u00e1 animada por personas cualificadas en el acompa\u00f1amiento espiritual, <em>se realizar\u00e1 de 8:15 a 17:00, incluyendo la celebraci\u00f3n de la Santa Misa. El lugar es el Colegio San Jos\u00e9 de Reconquista, cito en calle Iturraspe 842. <\/em><\/span><\/p>\n<p style=\"text-align: justify;\"><span style=\"color: #000000;\">Es para todos los catequistas de todas las \u00e1reas. El almuerzo es a la canasta, pero con la posibilidad de adquirir empanadas y bebidas en el lugar. No se suspende por lluvia.<\/span><\/p>\n","protected":false},"excerpt":{"rendered":"<div class=\"mh-excerpt\"><p>Bajo el lema \u201cCatequistas al encuentro de Jes\u00fas\u201d, el pr\u00f3ximo 14 de marzo se llevar\u00e1 a cabo el Seminario Diocesano de Catequesis, SEDIOCA. Continuando con <a class=\"mh-excerpt-more\" href=\"https:\/\/www.obispadorqta.org.ar\/v3\/seminario-diocesano-de-catequesis-sedioca\/\" title=\"Seminario Diocesano de Catequesis &#8211; SEDIOCA\">[&#8230;]<\/a><\/p>\n<\/div>","protected":false},"author":3,"featured_media":4980,"comment_status":"closed","ping_status":"open","sticky":false,"template":"","format":"standard","meta":{"footnotes":""},"categories":[6,1,28],"tags":[],"class_list":["post-4977","post","type-post","status-publish","format-standard","has-post-thumbnail","hentry","category-news","category-sin-categoria","category-latest-news"],"_links":{"self":[{"href":"https:\/\/www.obispadorqta.org.ar\/v3\/wp-json\/wp\/v2\/posts\/4977","targetHints":{"allow":["GET"]}}],"collection":[{"href":"https:\/\/www.obispadorqta.org.ar\/v3\/wp-json\/wp\/v2\/posts"}],"about":[{"href":"https:\/\/www.obispadorqta.org.ar\/v3\/wp-json\/wp\/v2\/types\/post"}],"author":[{"embeddable":true,"href":"https:\/\/www.obispadorqta.org.ar\/v3\/wp-json\/wp\/v2\/users\/3"}],"replies":[{"embeddable":true,"href":"https:\/\/www.obispadorqta.org.ar\/v3\/wp-json\/wp\/v2\/comments?post=4977"}],"version-history":[{"count":4,"href":"https:\/\/www.obispadorqta.org.ar\/v3\/wp-json\/wp\/v2\/posts\/4977\/revisions"}],"predecessor-version":[{"id":4983,"href":"https:\/\/www.obispadorqta.org.ar\/v3\/wp-json\/wp\/v2\/posts\/4977\/revisions\/4983"}],"wp:featuredmedia":[{"embeddable":true,"href":"https:\/\/www.obispadorqta.org.ar\/v3\/wp-json\/wp\/v2\/media\/4980"}],"wp:attachment":[{"href":"https:\/\/www.obispadorqta.org.ar\/v3\/wp-json\/wp\/v2\/media?parent=4977"}],"wp:term":[{"taxonomy":"category","embeddable":true,"href":"https:\/\/www.obispadorqta.org.ar\/v3\/wp-json\/wp\/v2\/categories?post=4977"},{"taxonomy":"post_tag","embeddable":true,"href":"https:\/\/www.obispadorqta.org.ar\/v3\/wp-json\/wp\/v2\/tags?post=4977"}],"curies":[{"name":"wp","href":"https:\/\/api.w.org\/{rel}","templated":true}]}}