{"id":4984,"date":"2020-03-11T11:17:51","date_gmt":"2020-03-11T14:17:51","guid":{"rendered":"http:\/\/www.obispadorqta.org.ar\/v3\/?p=4984"},"modified":"2020-03-11T11:38:14","modified_gmt":"2020-03-11T14:38:14","slug":"colecta-1-cuaresmal","status":"publish","type":"post","link":"https:\/\/www.obispadorqta.org.ar\/v3\/colecta-1-cuaresmal\/","title":{"rendered":"COLECTA DEL 1% CUARESMAL"},"content":{"rendered":"<p style=\"text-align: justify;\"><span style=\"color: #000000;\">Bajo el lema <em><strong>\u201cUn poco de misericordia cambia al mundo\u2026\u201d<\/strong><\/em>, este fin de semana, 14 y 15 de marzo, se llevar\u00e1 a cabo la Colecta del 1% Cuaresmal en las distintas parroquias y capillas de nuestra Di\u00f3cesis.-<\/span><\/p>\n<p style=\"text-align: justify;\"><span style=\"color: #000000;\">Hace m\u00e1s de 20 a\u00f1os que en nuestra Di\u00f3cesis se lleva adelantes esta colecta, la cual se caracteriza por PONER EN COM\u00daN al menos 1% de nuestros ingresos, para la realizaci\u00f3n de obras concretas, en beneficio de aquellos que m\u00e1s lo necesitan.<\/span><\/p>\n<p style=\"text-align: justify;\"><span style=\"color: #000000;\">Lo recaudado es destinado a proyectos familiares o comunitarios, administrativos y acompa\u00f1ados por C\u00e1ritas.<\/span><\/p>\n<p style=\"text-align: justify;\"><span style=\"color: #000000;\">Agradecemos desde ya su compromiso y solidaridad de siempre para seguir ayudando entre todos a nuestros hermanos m\u00e1s necesitados, que es una manera de poner en com\u00fan nuestra vida, nuestros bienes y nuestro compromiso por un mundo mejor, donde cada persona pueda disponer de lo indispensable para vivir con dignidad.<\/span><\/p>\n","protected":false},"excerpt":{"rendered":"<div class=\"mh-excerpt\"><p>Bajo el lema \u201cUn poco de misericordia cambia al mundo\u2026\u201d, este fin de semana, 14 y 15 de marzo, se llevar\u00e1 a cabo la Colecta <a class=\"mh-excerpt-more\" href=\"https:\/\/www.obispadorqta.org.ar\/v3\/colecta-1-cuaresmal\/\" title=\"COLECTA DEL 1% CUARESMAL\">[&#8230;]<\/a><\/p>\n<\/div>","protected":false},"author":3,"featured_media":4991,"comment_status":"closed","ping_status":"open","sticky":false,"template":"","format":"standard","meta":{"footnotes":""},"categories":[6,1,28],"tags":[],"class_list":["post-4984","post","type-post","status-publish","format-standard","has-post-thumbnail","hentry","category-news","category-sin-categoria","category-latest-news"],"_links":{"self":[{"href":"https:\/\/www.obispadorqta.org.ar\/v3\/wp-json\/wp\/v2\/posts\/4984","targetHints":{"allow":["GET"]}}],"collection":[{"href":"https:\/\/www.obispadorqta.org.ar\/v3\/wp-json\/wp\/v2\/posts"}],"about":[{"href":"https:\/\/www.obispadorqta.org.ar\/v3\/wp-json\/wp\/v2\/types\/post"}],"author":[{"embeddable":true,"href":"https:\/\/www.obispadorqta.org.ar\/v3\/wp-json\/wp\/v2\/users\/3"}],"replies":[{"embeddable":true,"href":"https:\/\/www.obispadorqta.org.ar\/v3\/wp-json\/wp\/v2\/comments?post=4984"}],"version-history":[{"count":4,"href":"https:\/\/www.obispadorqta.org.ar\/v3\/wp-json\/wp\/v2\/posts\/4984\/revisions"}],"predecessor-version":[{"id":4995,"href":"https:\/\/www.obispadorqta.org.ar\/v3\/wp-json\/wp\/v2\/posts\/4984\/revisions\/4995"}],"wp:featuredmedia":[{"embeddable":true,"href":"https:\/\/www.obispadorqta.org.ar\/v3\/wp-json\/wp\/v2\/media\/4991"}],"wp:attachment":[{"href":"https:\/\/www.obispadorqta.org.ar\/v3\/wp-json\/wp\/v2\/media?parent=4984"}],"wp:term":[{"taxonomy":"category","embeddable":true,"href":"https:\/\/www.obispadorqta.org.ar\/v3\/wp-json\/wp\/v2\/categories?post=4984"},{"taxonomy":"post_tag","embeddable":true,"href":"https:\/\/www.obispadorqta.org.ar\/v3\/wp-json\/wp\/v2\/tags?post=4984"}],"curies":[{"name":"wp","href":"https:\/\/api.w.org\/{rel}","templated":true}]}}