{"id":4992,"date":"2020-03-11T11:30:25","date_gmt":"2020-03-11T14:30:25","guid":{"rendered":"http:\/\/www.obispadorqta.org.ar\/v3\/?p=4992"},"modified":"2020-03-11T11:30:46","modified_gmt":"2020-03-11T14:30:46","slug":"comunicado-2","status":"publish","type":"post","link":"https:\/\/www.obispadorqta.org.ar\/v3\/comunicado-2\/","title":{"rendered":"COMUNICADO"},"content":{"rendered":"<p style=\"text-align: justify;\"><span style=\"color: #000000;\">Se ha tomado conocimiento de la comunicaci\u00f3n del Se\u00f1or Gobernador de Catamarca y de la Resoluci\u00f3n N\u00ba 239 del Ministerio de Salud la cual \u201cproh\u00edbe la realizaci\u00f3n de todo evento masivo, p\u00fablico o privado, de car\u00e1cter cultural, deportivo, religioso o recreativo, para evitar la propagaci\u00f3n de las epidemias Coronavirus (COVIS-19) y dengue\u201d.<\/span><\/p>\n<p style=\"text-align: justify;\"><span style=\"color: #000000;\">En consecuencia la Conferencia Episcopal Argentina, en comuni\u00f3n con el Se\u00f1or Obispo de Catamarca, Mons. Luis Urbanc, y la comunidad diocesana, comunica que se suspende la realizaci\u00f3n del IV Congreso Mariano Nacional.<\/span><\/p>\n<p style=\"text-align: justify;\"><span style=\"color: #000000;\">Encomendamos a la Virgen del Valle el pueblo argentino en esta situaci\u00f3n dif\u00edcil, especialmente los enfermos y quienes cuidan de ellos.<\/span><\/p>\n<p style=\"text-align: right;\"><span style=\"color: #000000;\">+ Carlos H. Malfa<\/span><br \/><span style=\"color: #000000;\">Obispo de Chascom\u00fas<\/span><br \/><span style=\"color: #000000;\">Secretario General de la C.E.A<\/span>.<\/p>\n\n\n<p><\/p>\n","protected":false},"excerpt":{"rendered":"<div class=\"mh-excerpt\"><p>Se ha tomado conocimiento de la comunicaci\u00f3n del Se\u00f1or Gobernador de Catamarca y de la Resoluci\u00f3n N\u00ba 239 del Ministerio de Salud la cual \u201cproh\u00edbe <a class=\"mh-excerpt-more\" href=\"https:\/\/www.obispadorqta.org.ar\/v3\/comunicado-2\/\" title=\"COMUNICADO\">[&#8230;]<\/a><\/p>\n<\/div>","protected":false},"author":3,"featured_media":2346,"comment_status":"closed","ping_status":"open","sticky":false,"template":"","format":"standard","meta":{"footnotes":""},"categories":[6,1,28],"tags":[],"class_list":["post-4992","post","type-post","status-publish","format-standard","has-post-thumbnail","hentry","category-news","category-sin-categoria","category-latest-news"],"_links":{"self":[{"href":"https:\/\/www.obispadorqta.org.ar\/v3\/wp-json\/wp\/v2\/posts\/4992","targetHints":{"allow":["GET"]}}],"collection":[{"href":"https:\/\/www.obispadorqta.org.ar\/v3\/wp-json\/wp\/v2\/posts"}],"about":[{"href":"https:\/\/www.obispadorqta.org.ar\/v3\/wp-json\/wp\/v2\/types\/post"}],"author":[{"embeddable":true,"href":"https:\/\/www.obispadorqta.org.ar\/v3\/wp-json\/wp\/v2\/users\/3"}],"replies":[{"embeddable":true,"href":"https:\/\/www.obispadorqta.org.ar\/v3\/wp-json\/wp\/v2\/comments?post=4992"}],"version-history":[{"count":1,"href":"https:\/\/www.obispadorqta.org.ar\/v3\/wp-json\/wp\/v2\/posts\/4992\/revisions"}],"predecessor-version":[{"id":4993,"href":"https:\/\/www.obispadorqta.org.ar\/v3\/wp-json\/wp\/v2\/posts\/4992\/revisions\/4993"}],"wp:featuredmedia":[{"embeddable":true,"href":"https:\/\/www.obispadorqta.org.ar\/v3\/wp-json\/wp\/v2\/media\/2346"}],"wp:attachment":[{"href":"https:\/\/www.obispadorqta.org.ar\/v3\/wp-json\/wp\/v2\/media?parent=4992"}],"wp:term":[{"taxonomy":"category","embeddable":true,"href":"https:\/\/www.obispadorqta.org.ar\/v3\/wp-json\/wp\/v2\/categories?post=4992"},{"taxonomy":"post_tag","embeddable":true,"href":"https:\/\/www.obispadorqta.org.ar\/v3\/wp-json\/wp\/v2\/tags?post=4992"}],"curies":[{"name":"wp","href":"https:\/\/api.w.org\/{rel}","templated":true}]}}