{"id":5001,"date":"2020-03-12T17:31:36","date_gmt":"2020-03-12T20:31:36","guid":{"rendered":"http:\/\/www.obispadorqta.org.ar\/v3\/?p=5001"},"modified":"2020-03-12T17:33:12","modified_gmt":"2020-03-12T20:33:12","slug":"suspension-sedioca","status":"publish","type":"post","link":"https:\/\/www.obispadorqta.org.ar\/v3\/suspension-sedioca\/","title":{"rendered":"Suspensi\u00f3n SEDIOCA"},"content":{"rendered":"<p><strong>Junta Diocesana de Catequesis<\/strong><br \/>\n<strong>Di\u00f3cesis de Reconquista<\/strong><\/p>\n<p style=\"text-align: right;\">Reconquista, jueves 12 de marzo de 2020<\/p>\n<p style=\"text-align: center;\">SE POSTERGA EL SEDIOCA POR PREVENCI\u00d3N<\/p>\n<p style=\"text-align: justify;\">\nAnte el avance del dengue y la expansi\u00f3n del coronavirus, y para un mayor cuidado de las personas, concretamente de los catequistas de la Di\u00f3cesis, y considerando las recientes indicaciones de los gobiernos, tanto nacional como provincial, hemos decidido <strong>posponer el Seminario Diocesano de Catequesis<\/strong>, programado para el s\u00e1bado 14 del corriente.<\/p>\n<p style=\"text-align: justify;\">&nbsp; &nbsp; &nbsp;Sabemos que el SEDIOCA es, hist\u00f3ricamente, un encuentro relevante para la formaci\u00f3n de los catequistas, que ayuda a crear lazos de comuni\u00f3n y estimula el ardor catequ\u00e9tico. Pero entendemos que se lo puede realizar m\u00e1s adelante, ya que no es urgente para nuestro caminar en la fe y en el servicio de la catequesis. Adem\u00e1s, el cuidado de las personas y la prevenci\u00f3n son, de alg\u00fan modo, gestos catequ\u00edsticos.<\/p>\n<p style=\"text-align: justify;\">&nbsp; &nbsp; &nbsp;Con el deseo de que tengan la asistencia del Esp\u00edritu Santo en el camino de la catequesis parroquial, y puedan vivir una renovada conversi\u00f3n en esta Cuaresma, para celebrar una Santa Pascua, los saludamos cercanamente en el Se\u00f1or.<\/p>\n<p style=\"text-align: right;\"><em>Junta Diocesana de Catequesis de Reconquista<\/em><\/p>\n","protected":false},"excerpt":{"rendered":"<div class=\"mh-excerpt\"><p>Junta Diocesana de Catequesis Di\u00f3cesis de Reconquista Reconquista, jueves 12 de marzo de 2020 SE POSTERGA EL SEDIOCA POR PREVENCI\u00d3N Ante el avance del dengue <a class=\"mh-excerpt-more\" href=\"https:\/\/www.obispadorqta.org.ar\/v3\/suspension-sedioca\/\" title=\"Suspensi\u00f3n SEDIOCA\">[&#8230;]<\/a><\/p>\n<\/div>","protected":false},"author":2,"featured_media":5003,"comment_status":"open","ping_status":"open","sticky":false,"template":"","format":"standard","meta":{"footnotes":""},"categories":[6,28],"tags":[],"class_list":["post-5001","post","type-post","status-publish","format-standard","has-post-thumbnail","hentry","category-news","category-latest-news"],"_links":{"self":[{"href":"https:\/\/www.obispadorqta.org.ar\/v3\/wp-json\/wp\/v2\/posts\/5001","targetHints":{"allow":["GET"]}}],"collection":[{"href":"https:\/\/www.obispadorqta.org.ar\/v3\/wp-json\/wp\/v2\/posts"}],"about":[{"href":"https:\/\/www.obispadorqta.org.ar\/v3\/wp-json\/wp\/v2\/types\/post"}],"author":[{"embeddable":true,"href":"https:\/\/www.obispadorqta.org.ar\/v3\/wp-json\/wp\/v2\/users\/2"}],"replies":[{"embeddable":true,"href":"https:\/\/www.obispadorqta.org.ar\/v3\/wp-json\/wp\/v2\/comments?post=5001"}],"version-history":[{"count":2,"href":"https:\/\/www.obispadorqta.org.ar\/v3\/wp-json\/wp\/v2\/posts\/5001\/revisions"}],"predecessor-version":[{"id":5004,"href":"https:\/\/www.obispadorqta.org.ar\/v3\/wp-json\/wp\/v2\/posts\/5001\/revisions\/5004"}],"wp:featuredmedia":[{"embeddable":true,"href":"https:\/\/www.obispadorqta.org.ar\/v3\/wp-json\/wp\/v2\/media\/5003"}],"wp:attachment":[{"href":"https:\/\/www.obispadorqta.org.ar\/v3\/wp-json\/wp\/v2\/media?parent=5001"}],"wp:term":[{"taxonomy":"category","embeddable":true,"href":"https:\/\/www.obispadorqta.org.ar\/v3\/wp-json\/wp\/v2\/categories?post=5001"},{"taxonomy":"post_tag","embeddable":true,"href":"https:\/\/www.obispadorqta.org.ar\/v3\/wp-json\/wp\/v2\/tags?post=5001"}],"curies":[{"name":"wp","href":"https:\/\/api.w.org\/{rel}","templated":true}]}}