{"id":5005,"date":"2020-03-13T10:51:12","date_gmt":"2020-03-13T13:51:12","guid":{"rendered":"http:\/\/www.obispadorqta.org.ar\/v3\/?p=5005"},"modified":"2020-03-13T10:51:37","modified_gmt":"2020-03-13T13:51:37","slug":"comunicado-para-la-familia-diocesana-de-reconquista","status":"publish","type":"post","link":"https:\/\/www.obispadorqta.org.ar\/v3\/comunicado-para-la-familia-diocesana-de-reconquista\/","title":{"rendered":"Comunicado para la Familia diocesana de Reconquista"},"content":{"rendered":"<p style=\"text-align: justify;\"><span style=\"color: #000000;\"><strong>I.<\/strong> Teniendo en cuenta la emergencia mundial por la pandemia provocada por el COVID 19 (Coronavirus), sabiendo de la importancia de la prevenci\u00f3n para combatir este flagelo y considerando las disposiciones del Ministerio de Salud de la Provincia de Santa Fe, del 12 de Marzo de 2020, donde se pide \u201crestringir reuniones y eventos multitudinarios en espacios tanto abiertos como cerrados\u201d.<\/span><\/p>\n<p style=\"text-align: justify;\"><span style=\"color: #000000;\"><strong>II.<\/strong> En la jurisdicci\u00f3n de la Di\u00f3cesis de Reconquista, adherimos a esta normativa, con la implementaci\u00f3n de las siguientes medidas preventivas:<\/span><\/p>\n<p style=\"text-align: justify;\"><span style=\"color: #000000;\"><strong>1. <\/strong>Suspensi\u00f3n de las actividades pastorales y reuniones previstas en el Calendario Diocesano, incluida la catequesis.<\/span><\/p>\n<p style=\"text-align: justify;\"><span style=\"color: #000000;\"><strong>2.<\/strong> Adhesi\u00f3n a las normas de la CEA, publicadas el 11 de Marzo de 2020, con las sugerencias referidas a las celebraciones eucar\u00edsticas, que incluyen la higiene de los ministros, la supresi\u00f3n del saludo de la paz (facultativo, seg\u00fan las r\u00fabricas lit\u00fargicas) y la administraci\u00f3n de la comuni\u00f3n en la mano.<\/span><\/p>\n<p style=\"text-align: justify;\"><span style=\"color: #000000;\"><strong>3.<\/strong> En relaci\u00f3n a la celebraci\u00f3n de la Eucarist\u00eda Dominical:<\/span><\/p>\n<p style=\"text-align: justify;\"><em>a.<\/em> Organizar los horarios de las misas dominicales con sentido com\u00fan, teniendo en cuenta la realidad de cada parroquia como la de sus ministros, de tal modo que tiendan a evitar la aglomeraci\u00f3n de personas, proponiendo diferentes alternativas de horarios o haciendo simult\u00e1neamente celebraciones de la Palabra con Comuni\u00f3n en algunas capillas, para que los fieles se acerquen al centro de culto m\u00e1s cercano.<br \/>\n<em>b.<\/em> Facilitar la participaci\u00f3n en la Eucarist\u00eda Dominical por medios radiales y televisivos disponibles en las comunidades, y por las redes sociales, informando debidamente acerca de los horarios de dichas trasmisiones.<br \/>\n<em>c.<\/em> Apelar a la responsabilidad de los fieles, quienes tendr\u00e1n que decidir la conveniencia de asistir a la Eucarist\u00eda, de acuerdo a los par\u00e1metros de riesgo informados por diferentes medios y sabiendo que el cuidado de la salud dispensa del precepto.<br \/>\n<em>d.<\/em> En el caso de celebraciones de Bautismos, Matrimonios y Exequias, queda a criterio de los p\u00e1rrocos decidir el modo de hacerlo, evitando la concentraci\u00f3n excesiva de personas. En cuanto al Sacramento de la Reconciliaci\u00f3n, recomendamos evitar las celebraciones comunitarias de la penitencia y en las confesiones tomar los recaudos necesarios.<\/p>\n<p style=\"text-align: justify;\"><strong>I<\/strong><span style=\"color: #000000;\"><strong>II.<\/strong> Las clases y dem\u00e1s actividades de las escuelas vinculadas a la \u201cRed de Escuelas Ntra. Sra. de Itat\u00ed\u201d, se regir\u00e1n directamente por las normativas emanadas del Ministerio de Educaci\u00f3n de la Provincia de Santa Fe, como corresponde seg\u00fan la legislaci\u00f3n actual.<\/span><\/p>\n<p style=\"text-align: justify;\"><span style=\"color: #000000;\"><strong>IV.<\/strong> Las presentes disposiciones estar\u00e1n vigentes por quince d\u00edas, a contar desde la fecha de emisi\u00f3n de esta comunicaci\u00f3n, y podr\u00e1n prolongarse por el tiempo que sea necesario, en la medida que la situaci\u00f3n lo requiera.<\/span><\/p>\n<p style=\"text-align: right;\"><span style=\"color: #000000;\">Sede Episcopal de Reconquista, 13 de Marzo de 2020.<\/span><\/p>\n","protected":false},"excerpt":{"rendered":"<div class=\"mh-excerpt\"><p>I. Teniendo en cuenta la emergencia mundial por la pandemia provocada por el COVID 19 (Coronavirus), sabiendo de la importancia de la prevenci\u00f3n para combatir <a class=\"mh-excerpt-more\" href=\"https:\/\/www.obispadorqta.org.ar\/v3\/comunicado-para-la-familia-diocesana-de-reconquista\/\" title=\"Comunicado para la Familia diocesana de Reconquista\">[&#8230;]<\/a><\/p>\n<\/div>","protected":false},"author":3,"featured_media":5003,"comment_status":"closed","ping_status":"open","sticky":false,"template":"","format":"standard","meta":{"footnotes":""},"categories":[6,1,28],"tags":[],"class_list":["post-5005","post","type-post","status-publish","format-standard","has-post-thumbnail","hentry","category-news","category-sin-categoria","category-latest-news"],"_links":{"self":[{"href":"https:\/\/www.obispadorqta.org.ar\/v3\/wp-json\/wp\/v2\/posts\/5005","targetHints":{"allow":["GET"]}}],"collection":[{"href":"https:\/\/www.obispadorqta.org.ar\/v3\/wp-json\/wp\/v2\/posts"}],"about":[{"href":"https:\/\/www.obispadorqta.org.ar\/v3\/wp-json\/wp\/v2\/types\/post"}],"author":[{"embeddable":true,"href":"https:\/\/www.obispadorqta.org.ar\/v3\/wp-json\/wp\/v2\/users\/3"}],"replies":[{"embeddable":true,"href":"https:\/\/www.obispadorqta.org.ar\/v3\/wp-json\/wp\/v2\/comments?post=5005"}],"version-history":[{"count":1,"href":"https:\/\/www.obispadorqta.org.ar\/v3\/wp-json\/wp\/v2\/posts\/5005\/revisions"}],"predecessor-version":[{"id":5006,"href":"https:\/\/www.obispadorqta.org.ar\/v3\/wp-json\/wp\/v2\/posts\/5005\/revisions\/5006"}],"wp:featuredmedia":[{"embeddable":true,"href":"https:\/\/www.obispadorqta.org.ar\/v3\/wp-json\/wp\/v2\/media\/5003"}],"wp:attachment":[{"href":"https:\/\/www.obispadorqta.org.ar\/v3\/wp-json\/wp\/v2\/media?parent=5005"}],"wp:term":[{"taxonomy":"category","embeddable":true,"href":"https:\/\/www.obispadorqta.org.ar\/v3\/wp-json\/wp\/v2\/categories?post=5005"},{"taxonomy":"post_tag","embeddable":true,"href":"https:\/\/www.obispadorqta.org.ar\/v3\/wp-json\/wp\/v2\/tags?post=5005"}],"curies":[{"name":"wp","href":"https:\/\/api.w.org\/{rel}","templated":true}]}}