{"id":5014,"date":"2020-03-17T08:21:04","date_gmt":"2020-03-17T11:21:04","guid":{"rendered":"http:\/\/www.obispadorqta.org.ar\/v3\/?p=5014"},"modified":"2020-03-17T08:22:04","modified_gmt":"2020-03-17T11:22:04","slug":"salud-padre-nestor-vera","status":"publish","type":"post","link":"https:\/\/www.obispadorqta.org.ar\/v3\/salud-padre-nestor-vera\/","title":{"rendered":"SALUD PADRE N\u00c9STOR VERA"},"content":{"rendered":"<p style=\"text-align: justify;\">Comunicamos que el P. N\u00e9stor Vera ser\u00e1 hoy internado en el Hospital Austral, para un tratamiento espec\u00edfico, y el d\u00eda jueves 19, fiesta de San Jos\u00e9, Patrono de la Di\u00f3cesis, ser\u00e1 sometido al autotrasplante de m\u00e9dula.<\/p>\n<p style=\"text-align: justify;\">Luego quedar\u00e1 entre 15 y 20 d\u00edas internado y aislado. El expres\u00f3 su confianza en el Se\u00f1or y su deseo de vivir esta cuaresma con una actitud de entrega.<\/p>\n<p style=\"text-align: justify;\">Invitamos a orar por su salud y agradecemos la colaboraci\u00f3n de tantos para que este tratamiento fuera viable.<\/p>\n","protected":false},"excerpt":{"rendered":"<div class=\"mh-excerpt\"><p>Comunicamos que el P. N\u00e9stor Vera ser\u00e1 hoy internado en el Hospital Austral, para un tratamiento espec\u00edfico, y el d\u00eda jueves 19, fiesta de San <a class=\"mh-excerpt-more\" href=\"https:\/\/www.obispadorqta.org.ar\/v3\/salud-padre-nestor-vera\/\" title=\"SALUD PADRE N\u00c9STOR VERA\">[&#8230;]<\/a><\/p>\n<\/div>","protected":false},"author":2,"featured_media":4586,"comment_status":"closed","ping_status":"open","sticky":false,"template":"","format":"standard","meta":{"footnotes":""},"categories":[6,28],"tags":[],"class_list":["post-5014","post","type-post","status-publish","format-standard","has-post-thumbnail","hentry","category-news","category-latest-news"],"_links":{"self":[{"href":"https:\/\/www.obispadorqta.org.ar\/v3\/wp-json\/wp\/v2\/posts\/5014","targetHints":{"allow":["GET"]}}],"collection":[{"href":"https:\/\/www.obispadorqta.org.ar\/v3\/wp-json\/wp\/v2\/posts"}],"about":[{"href":"https:\/\/www.obispadorqta.org.ar\/v3\/wp-json\/wp\/v2\/types\/post"}],"author":[{"embeddable":true,"href":"https:\/\/www.obispadorqta.org.ar\/v3\/wp-json\/wp\/v2\/users\/2"}],"replies":[{"embeddable":true,"href":"https:\/\/www.obispadorqta.org.ar\/v3\/wp-json\/wp\/v2\/comments?post=5014"}],"version-history":[{"count":1,"href":"https:\/\/www.obispadorqta.org.ar\/v3\/wp-json\/wp\/v2\/posts\/5014\/revisions"}],"predecessor-version":[{"id":5015,"href":"https:\/\/www.obispadorqta.org.ar\/v3\/wp-json\/wp\/v2\/posts\/5014\/revisions\/5015"}],"wp:featuredmedia":[{"embeddable":true,"href":"https:\/\/www.obispadorqta.org.ar\/v3\/wp-json\/wp\/v2\/media\/4586"}],"wp:attachment":[{"href":"https:\/\/www.obispadorqta.org.ar\/v3\/wp-json\/wp\/v2\/media?parent=5014"}],"wp:term":[{"taxonomy":"category","embeddable":true,"href":"https:\/\/www.obispadorqta.org.ar\/v3\/wp-json\/wp\/v2\/categories?post=5014"},{"taxonomy":"post_tag","embeddable":true,"href":"https:\/\/www.obispadorqta.org.ar\/v3\/wp-json\/wp\/v2\/tags?post=5014"}],"curies":[{"name":"wp","href":"https:\/\/api.w.org\/{rel}","templated":true}]}}