{"id":5016,"date":"2020-03-17T12:53:05","date_gmt":"2020-03-17T15:53:05","guid":{"rendered":"http:\/\/www.obispadorqta.org.ar\/v3\/?p=5016"},"modified":"2020-03-17T12:53:37","modified_gmt":"2020-03-17T15:53:37","slug":"parte-de-prensa-2","status":"publish","type":"post","link":"https:\/\/www.obispadorqta.org.ar\/v3\/parte-de-prensa-2\/","title":{"rendered":"Parte de Prensa"},"content":{"rendered":"<p style=\"text-align: center;\"><strong>NUEVAS INDICACIONES PARA VIVIR LA FE EN TIEMPOS DIF\u00cdCILES Y PARA RENOVAR NUESTRA ESPERANZA<\/strong><\/p>\n<p style=\"text-align: justify;\">Teniendo en cuenta el avance del COVID-19, y considerando las resoluciones tomadas por el Gobierno Nacional y Provincial, y las variadas medidas adoptadas en cada uno de los distritos que corresponden a los l\u00edmites de nuestra Iglesia Diocesana, con el objeto de unificar criterios,sobre todo en materia de la Liturgia y la administraci\u00f3n de los sacramentos (cf. can. 835 \u00a7 1), en continuidad con las indicaciones ya anunciadas en el comunicado del 13 de Marzo de 2020, y habiendo consultado a los Vicarios Generales y Episcopales de la Di\u00f3cesis, dispongo otra serie de instrucciones, a saber:<\/p>\n<ol>\n<li style=\"text-align: justify;\">Desde el d\u00eda de la fecha hasta el 31 de Marzo del corriente, determino que las celebraciones eucar\u00edsticas que se celebren en las parroquias sean<strong> sin la asistencia de fieles.<\/strong> Solo podr\u00e1n estar quienes se consideren indispensables para el desarrollo lit\u00fargico. Seg\u00fan las facultades que me son propias, dispenso del precepto dominical a todos los fieles del territorio diocesano, a tenor del canon 87 \u00a7 2, recomendado a los mismos seguir las trasmisiones de la Misa por radio y televisi\u00f3n, o por las redes sociales.<\/li>\n<li style=\"text-align: justify;\">Para los Bautismos y las Confesiones, propongo seguir un criterio similar a lo expuesto para la Misa, es decir, posponer la pr\u00e1ctica de estos sacramentos en su forma habitual, celebr\u00e1ndose solamente en casos de extrema necesidad y con los recaudos necesarios.<\/li>\n<li style=\"text-align: justify;\">En cuanto a la unci\u00f3n de los enfermos, les pido un esfuerzo a los sacerdotes m\u00e1s j\u00f3venes, para atender aquellos casos m\u00e1s urgentes; las exequias podr\u00e1n celebrarse con un m\u00ednimo de asistencia y en un espacio amplio, contando tambi\u00e9n aqu\u00ed con el valioso servicio de los ministros laicos.<\/li>\n<li style=\"text-align: justify;\">Las Iglesias, en principio, permanecer\u00e1n abiertas, tom\u00e1ndose las medidas necesarias para la desinfecci\u00f3n de los lugares m\u00e1s transitados. En los espacios donde se adora de un modo permanente al Sant\u00edsimo Sacramento, por ahora se puede continuar con esta pr\u00e1ctica, cuidando que en el recinto no permanezcan m\u00e1s de tres o cuatro fieles simult\u00e1neamente.<\/li>\n<li style=\"text-align: justify;\">Solicito a los sacerdotes a orar por el Pueblo de Dios. Especialmente recomiendo a los p\u00e1rrocos no olvidar ofrecer la misa \u201cpro populo\u201d, y otras oraciones que consideren oportunas. Tambi\u00e9n, seg\u00fan los consejos del Papa Francisco, apelo a la creatividad de cada uno para permanecer cercanos a los fieles, alentando la esperanza de la comunidad.<\/li>\n<li style=\"text-align: justify;\">Invito a los fieles a unirse en cadena de oraci\u00f3n, rezando el Santo Rosario en familia, Iglesia Dom\u00e9stica, a las 20,30 hs. de cada d\u00eda, o en el horario m\u00e1s conveniente, encomendando a San Jos\u00e9, Patrono de Nuestra Di\u00f3cesis, custodio del Redentor, que nos cuide y nos consiga la paz y la salud para nosotros, y para todos los que padecen este flagelo y otras dolencias.<\/li>\n<li style=\"text-align: justify;\">Recomiendo tambi\u00e9n a los fieles reflexionar sobre el Mensaje Cuaresmal \u201c<em>Pr\u00e1cticas Cuaresmales y Ecolog\u00eda Integral<\/em>\u201d, que aborda algunos temas vinculados a lo que estamos viviendo en estos d\u00edas, como la oraci\u00f3n en secreto, la limosna y el ayuno como formas del cuidado de la vida, etc.<\/li>\n<li style=\"text-align: justify;\">El obispado, por su parte, atender\u00e1 de un modo limitado, debido a la disminuci\u00f3n significativa del personal por prevenci\u00f3n.<\/li>\n<li style=\"text-align: justify;\">Estas medidas podr\u00e1n ser extendidas por m\u00e1s tiempo, de acuerdo a la evoluci\u00f3n de la situaci\u00f3n actual.<\/li>\n<\/ol>\n<p style=\"text-align: right;\">Sede Episcopal de Reconquista, 17 de Marzo de 2020<\/p>\n","protected":false},"excerpt":{"rendered":"<div class=\"mh-excerpt\"><p>NUEVAS INDICACIONES PARA VIVIR LA FE EN TIEMPOS DIF\u00cdCILES Y PARA RENOVAR NUESTRA ESPERANZA Teniendo en cuenta el avance del COVID-19, y considerando las resoluciones <a class=\"mh-excerpt-more\" href=\"https:\/\/www.obispadorqta.org.ar\/v3\/parte-de-prensa-2\/\" title=\"Parte de Prensa\">[&#8230;]<\/a><\/p>\n<\/div>","protected":false},"author":2,"featured_media":5003,"comment_status":"closed","ping_status":"open","sticky":false,"template":"","format":"standard","meta":{"footnotes":""},"categories":[6,28],"tags":[],"class_list":["post-5016","post","type-post","status-publish","format-standard","has-post-thumbnail","hentry","category-news","category-latest-news"],"_links":{"self":[{"href":"https:\/\/www.obispadorqta.org.ar\/v3\/wp-json\/wp\/v2\/posts\/5016","targetHints":{"allow":["GET"]}}],"collection":[{"href":"https:\/\/www.obispadorqta.org.ar\/v3\/wp-json\/wp\/v2\/posts"}],"about":[{"href":"https:\/\/www.obispadorqta.org.ar\/v3\/wp-json\/wp\/v2\/types\/post"}],"author":[{"embeddable":true,"href":"https:\/\/www.obispadorqta.org.ar\/v3\/wp-json\/wp\/v2\/users\/2"}],"replies":[{"embeddable":true,"href":"https:\/\/www.obispadorqta.org.ar\/v3\/wp-json\/wp\/v2\/comments?post=5016"}],"version-history":[{"count":2,"href":"https:\/\/www.obispadorqta.org.ar\/v3\/wp-json\/wp\/v2\/posts\/5016\/revisions"}],"predecessor-version":[{"id":5018,"href":"https:\/\/www.obispadorqta.org.ar\/v3\/wp-json\/wp\/v2\/posts\/5016\/revisions\/5018"}],"wp:featuredmedia":[{"embeddable":true,"href":"https:\/\/www.obispadorqta.org.ar\/v3\/wp-json\/wp\/v2\/media\/5003"}],"wp:attachment":[{"href":"https:\/\/www.obispadorqta.org.ar\/v3\/wp-json\/wp\/v2\/media?parent=5016"}],"wp:term":[{"taxonomy":"category","embeddable":true,"href":"https:\/\/www.obispadorqta.org.ar\/v3\/wp-json\/wp\/v2\/categories?post=5016"},{"taxonomy":"post_tag","embeddable":true,"href":"https:\/\/www.obispadorqta.org.ar\/v3\/wp-json\/wp\/v2\/tags?post=5016"}],"curies":[{"name":"wp","href":"https:\/\/api.w.org\/{rel}","templated":true}]}}