{"id":5019,"date":"2020-03-19T19:32:30","date_gmt":"2020-03-19T22:32:30","guid":{"rendered":"http:\/\/www.obispadorqta.org.ar\/v3\/?p=5019"},"modified":"2020-03-19T19:32:54","modified_gmt":"2020-03-19T22:32:54","slug":"salud-del-p-nestor-vera","status":"publish","type":"post","link":"https:\/\/www.obispadorqta.org.ar\/v3\/salud-del-p-nestor-vera\/","title":{"rendered":"Salud del P. N\u00e9stor Vera"},"content":{"rendered":"<p style=\"text-align: justify;\">Comunicamos que ha concluido el trasplante de c\u00e9lulas madre al P. N\u00e9stor Vera. Ha tolerado muy bien la pr\u00e1ctica. Se encuentra consciente y aislado, comenzando la nueva fase en su tratamiento.<\/p>\n<p style=\"text-align: justify;\">Agradecemos al Se\u00f1or de la vida y seguimos orando por su recuperaci\u00f3n.<\/p>\n","protected":false},"excerpt":{"rendered":"<div class=\"mh-excerpt\"><p>Comunicamos que ha concluido el trasplante de c\u00e9lulas madre al P. N\u00e9stor Vera. Ha tolerado muy bien la pr\u00e1ctica. Se encuentra consciente y aislado, comenzando <a class=\"mh-excerpt-more\" href=\"https:\/\/www.obispadorqta.org.ar\/v3\/salud-del-p-nestor-vera\/\" title=\"Salud del P. N\u00e9stor Vera\">[&#8230;]<\/a><\/p>\n<\/div>","protected":false},"author":2,"featured_media":4586,"comment_status":"closed","ping_status":"open","sticky":false,"template":"","format":"standard","meta":{"footnotes":""},"categories":[6,28],"tags":[],"class_list":["post-5019","post","type-post","status-publish","format-standard","has-post-thumbnail","hentry","category-news","category-latest-news"],"_links":{"self":[{"href":"https:\/\/www.obispadorqta.org.ar\/v3\/wp-json\/wp\/v2\/posts\/5019","targetHints":{"allow":["GET"]}}],"collection":[{"href":"https:\/\/www.obispadorqta.org.ar\/v3\/wp-json\/wp\/v2\/posts"}],"about":[{"href":"https:\/\/www.obispadorqta.org.ar\/v3\/wp-json\/wp\/v2\/types\/post"}],"author":[{"embeddable":true,"href":"https:\/\/www.obispadorqta.org.ar\/v3\/wp-json\/wp\/v2\/users\/2"}],"replies":[{"embeddable":true,"href":"https:\/\/www.obispadorqta.org.ar\/v3\/wp-json\/wp\/v2\/comments?post=5019"}],"version-history":[{"count":1,"href":"https:\/\/www.obispadorqta.org.ar\/v3\/wp-json\/wp\/v2\/posts\/5019\/revisions"}],"predecessor-version":[{"id":5020,"href":"https:\/\/www.obispadorqta.org.ar\/v3\/wp-json\/wp\/v2\/posts\/5019\/revisions\/5020"}],"wp:featuredmedia":[{"embeddable":true,"href":"https:\/\/www.obispadorqta.org.ar\/v3\/wp-json\/wp\/v2\/media\/4586"}],"wp:attachment":[{"href":"https:\/\/www.obispadorqta.org.ar\/v3\/wp-json\/wp\/v2\/media?parent=5019"}],"wp:term":[{"taxonomy":"category","embeddable":true,"href":"https:\/\/www.obispadorqta.org.ar\/v3\/wp-json\/wp\/v2\/categories?post=5019"},{"taxonomy":"post_tag","embeddable":true,"href":"https:\/\/www.obispadorqta.org.ar\/v3\/wp-json\/wp\/v2\/tags?post=5019"}],"curies":[{"name":"wp","href":"https:\/\/api.w.org\/{rel}","templated":true}]}}