{"id":5021,"date":"2020-03-19T19:41:01","date_gmt":"2020-03-19T22:41:01","guid":{"rendered":"http:\/\/www.obispadorqta.org.ar\/v3\/?p=5021"},"modified":"2020-03-20T10:20:00","modified_gmt":"2020-03-20T13:20:00","slug":"mesa-de-emergencias","status":"publish","type":"post","link":"https:\/\/www.obispadorqta.org.ar\/v3\/mesa-de-emergencias\/","title":{"rendered":"Mesa de Emergencias"},"content":{"rendered":"<p style=\"text-align: justify;\">En la tarde de hoy, el Obispo Diocesano, Mons. \u00c1ngel Jos\u00e9 Mac\u00edn ha convocado a una Mesa de Emergencias para tratar los temas de la Pandemia por el Coronavirus y del Dengue.\u00a0<\/p>\n<p style=\"text-align: justify;\">La misma est\u00e1 integrada por dirigentes de Caritas y algunas de sus \u00e1reas, como as\u00ed tambi\u00e9n delegados de Pastoral Social y Justicia y Paz.<\/p>\n<p style=\"text-align: justify;\">El Objetivo de la misma es analizar la realidad y definir algunas l\u00edneas de acci\u00f3n, desde el rol que lo corresponde a la Iglesia, en vistas a colaborar con las autoridades civiles en la superaci\u00f3n de estos flagelos.<\/p>\n\n\n<figure class=\"wp-block-image size-large\"><img loading=\"lazy\" decoding=\"async\" width=\"1024\" height=\"768\" src=\"https:\/\/www.obispadorqta.org.ar\/v3\/wp-content\/uploads\/2020\/03\/IMG-20200319-WA00482204-1024x768.jpg\" alt=\"\" class=\"wp-image-5023\" srcset=\"https:\/\/www.obispadorqta.org.ar\/v3\/wp-content\/uploads\/2020\/03\/IMG-20200319-WA00482204-1024x768.jpg 1024w, https:\/\/www.obispadorqta.org.ar\/v3\/wp-content\/uploads\/2020\/03\/IMG-20200319-WA00482204-300x225.jpg 300w, https:\/\/www.obispadorqta.org.ar\/v3\/wp-content\/uploads\/2020\/03\/IMG-20200319-WA00482204-768x576.jpg 768w, https:\/\/www.obispadorqta.org.ar\/v3\/wp-content\/uploads\/2020\/03\/IMG-20200319-WA00482204-678x509.jpg 678w, https:\/\/www.obispadorqta.org.ar\/v3\/wp-content\/uploads\/2020\/03\/IMG-20200319-WA00482204-326x245.jpg 326w, https:\/\/www.obispadorqta.org.ar\/v3\/wp-content\/uploads\/2020\/03\/IMG-20200319-WA00482204-80x60.jpg 80w, https:\/\/www.obispadorqta.org.ar\/v3\/wp-content\/uploads\/2020\/03\/IMG-20200319-WA00482204.jpg 1032w\" sizes=\"auto, (max-width: 1024px) 100vw, 1024px\" \/><\/figure>\n","protected":false},"excerpt":{"rendered":"<div class=\"mh-excerpt\"><p>En la tarde de hoy, el Obispo Diocesano, Mons. \u00c1ngel Jos\u00e9 Mac\u00edn ha convocado a una Mesa de Emergencias para tratar los temas de la <a class=\"mh-excerpt-more\" href=\"https:\/\/www.obispadorqta.org.ar\/v3\/mesa-de-emergencias\/\" title=\"Mesa de Emergencias\">[&#8230;]<\/a><\/p>\n<\/div>","protected":false},"author":2,"featured_media":5022,"comment_status":"closed","ping_status":"open","sticky":false,"template":"","format":"standard","meta":{"footnotes":""},"categories":[6,28],"tags":[],"class_list":["post-5021","post","type-post","status-publish","format-standard","has-post-thumbnail","hentry","category-news","category-latest-news"],"_links":{"self":[{"href":"https:\/\/www.obispadorqta.org.ar\/v3\/wp-json\/wp\/v2\/posts\/5021","targetHints":{"allow":["GET"]}}],"collection":[{"href":"https:\/\/www.obispadorqta.org.ar\/v3\/wp-json\/wp\/v2\/posts"}],"about":[{"href":"https:\/\/www.obispadorqta.org.ar\/v3\/wp-json\/wp\/v2\/types\/post"}],"author":[{"embeddable":true,"href":"https:\/\/www.obispadorqta.org.ar\/v3\/wp-json\/wp\/v2\/users\/2"}],"replies":[{"embeddable":true,"href":"https:\/\/www.obispadorqta.org.ar\/v3\/wp-json\/wp\/v2\/comments?post=5021"}],"version-history":[{"count":2,"href":"https:\/\/www.obispadorqta.org.ar\/v3\/wp-json\/wp\/v2\/posts\/5021\/revisions"}],"predecessor-version":[{"id":5032,"href":"https:\/\/www.obispadorqta.org.ar\/v3\/wp-json\/wp\/v2\/posts\/5021\/revisions\/5032"}],"wp:featuredmedia":[{"embeddable":true,"href":"https:\/\/www.obispadorqta.org.ar\/v3\/wp-json\/wp\/v2\/media\/5022"}],"wp:attachment":[{"href":"https:\/\/www.obispadorqta.org.ar\/v3\/wp-json\/wp\/v2\/media?parent=5021"}],"wp:term":[{"taxonomy":"category","embeddable":true,"href":"https:\/\/www.obispadorqta.org.ar\/v3\/wp-json\/wp\/v2\/categories?post=5021"},{"taxonomy":"post_tag","embeddable":true,"href":"https:\/\/www.obispadorqta.org.ar\/v3\/wp-json\/wp\/v2\/tags?post=5021"}],"curies":[{"name":"wp","href":"https:\/\/api.w.org\/{rel}","templated":true}]}}