{"id":5030,"date":"2020-03-20T10:18:10","date_gmt":"2020-03-20T13:18:10","guid":{"rendered":"http:\/\/www.obispadorqta.org.ar\/v3\/?p=5030"},"modified":"2020-03-20T10:18:24","modified_gmt":"2020-03-20T13:18:24","slug":"mensaje-de-la-comision-ejecutiva-de-la-cea","status":"publish","type":"post","link":"https:\/\/www.obispadorqta.org.ar\/v3\/mensaje-de-la-comision-ejecutiva-de-la-cea\/","title":{"rendered":"Mensaje de la Comisi\u00f3n Ejecutiva de la CEA"},"content":{"rendered":"<p style=\"text-align: justify;\"><span style=\"color: #000000;\">Acompa\u00f1amos a todo el Pueblo Argentino que ante esta Pandemia ha sido llamado al cuidado y a la responsabilidad.<\/span><\/p>\n<p style=\"text-align: justify;\"><span style=\"color: #000000;\">Cuidarnos a nosotros mismos de un modo responsable es la mejor manera de cuidar a los dem\u00e1s.<\/span><\/p>\n<p style=\"text-align: justify;\"><span style=\"color: #000000;\">Creemos que la responsabilidad y el cuidado se oponen al miedo y al p\u00e1nico.<\/span><\/p>\n<p style=\"text-align: justify;\"><span style=\"color: #000000;\">El miedo nos lleva a ocuparnos solo de nosotros mismos y a tener actitudes antisociales sin pensar en los dem\u00e1s.<\/span><\/p>\n<p style=\"text-align: justify;\"><span style=\"color: #000000;\">El cuidado y la responsabilidad para con los hermanos y hermanas nos llevan al amor, a la solidaridad y al servicio.<\/span><\/p>\n<p style=\"text-align: justify;\"><span style=\"color: #000000;\">Nos parece clave vivir esta crisis como una oportunidad para crecer como personas y como sociedad.<\/span><\/p>\n<p style=\"text-align: justify;\"><span style=\"color: #000000;\">El Papa em\u00e9rito Benedicto XVI nos llamaba a una nueva \u201cimaginaci\u00f3n de la caridad\u201d, la caridad y el servicio al pr\u00f3jimo son creativos.<\/span><\/p>\n<p style=\"text-align: justify;\"><span style=\"color: #000000;\">El distanciamiento social como medio de prevenci\u00f3n puede estar acompa\u00f1ado de una gran cercan\u00eda espiritual de modo que aunque f\u00edsicamente aislados, nadie se sienta solo.<\/span><\/p>\n<p style=\"text-align: justify;\"><span style=\"color: #000000;\">El uso de las redes sociales puede ayudarnos aportando nuestra creatividad para comunicarnos y sostenernos en la esperanza, generando nuevos modos de ayuda mutua y de compa\u00f1\u00eda.<\/span><\/p>\n<p style=\"text-align: justify;\"><span style=\"color: #000000;\">Otro modo de crecimiento surge de nuestra capacidad de mirar la situaci\u00f3n de tantos hermanos que est\u00e1n lejos de ciertos niveles de vida en la Argentina. En los m\u00e1s de 4.400 barrios carenciados del pa\u00eds viven varios millones de personas. A estas personas no les va a resultar muy f\u00e1cil quedarse en sus casas ya que necesitan salir para ganar el pan para sus familias d\u00eda por d\u00eda.<\/span><\/p>\n<p style=\"text-align: justify;\"><span style=\"color: #000000;\">Nos veremos obligados en este tiempo a cambiar estilos de vida y h\u00e1bitos de consumo. Tal vez viviendo con mayor austeridad podamos redescubrir nuevos modos de v\u00ednculos entre nosotros, m\u00e1s simples y sencillos y nos permita reflexionar sobre cosas en las que habitualmente no pensamos.<\/span><br \/>\n<span style=\"color: #000000;\">Los cristianos viviremos una Cuaresma muy especial apoyados en la gran fuerza de la oraci\u00f3n pidiendo por los enfermos y sus familiares.<\/span><\/p>\n<p style=\"text-align: justify;\"><span style=\"color: #000000;\">Queremos agradecer especialmente a quienes est\u00e1n sirviendo a los enfermos y a los m\u00e1s pobres: al personal sanitario, m\u00e9dicas y m\u00e9dicos, enfermeras y enfermeros, voluntarios de la pastoral de la salud presentes en esta hora compleja y apremiante, a todos llegue nuestro aliento y la seguridad de nuestra oraci\u00f3n.<\/span><\/p>\n<p style=\"text-align: justify;\"><span style=\"color: #000000;\">Encomendamos particularmente a nuestros sacerdotes que iluminar\u00e1n este momento con la fuerza de la Palabra de Dios y buscaran caminos para una mayor cercan\u00eda pastoral.<\/span><\/p>\n<p style=\"text-align: justify;\"><span style=\"color: #000000;\">Miremos a Mar\u00eda, Nuestra Madre de Luj\u00e1n que permanece al pie de la Cruz y pongamos bajo su mirada a todo nuestro pueblo que en esta crisis pondr\u00e1 a prueba su fibra m\u00e1s \u00edntima, que el Se\u00f1or lo bendiga para que pueda vivir en estos tiempos una autentica fraternidad evang\u00e9lica.<\/span><\/p>\n<p style=\"text-align: right;\"><span style=\"color: #000000;\">Buenos Aires, 19 de marzo de 2020<\/span><br \/>\n<span style=\"color: #000000;\">Comisi\u00f3n Ejecutiva<\/span><br \/>\n<span style=\"color: #000000;\">Conferencia Episcopal Argentina<\/span><\/p>\n","protected":false},"excerpt":{"rendered":"<div class=\"mh-excerpt\"><p>Acompa\u00f1amos a todo el Pueblo Argentino que ante esta Pandemia ha sido llamado al cuidado y a la responsabilidad. Cuidarnos a nosotros mismos de un <a class=\"mh-excerpt-more\" href=\"https:\/\/www.obispadorqta.org.ar\/v3\/mensaje-de-la-comision-ejecutiva-de-la-cea\/\" title=\"Mensaje de la Comisi\u00f3n Ejecutiva de la CEA\">[&#8230;]<\/a><\/p>\n<\/div>","protected":false},"author":3,"featured_media":4884,"comment_status":"closed","ping_status":"open","sticky":false,"template":"","format":"standard","meta":{"footnotes":""},"categories":[6,1,28],"tags":[],"class_list":["post-5030","post","type-post","status-publish","format-standard","has-post-thumbnail","hentry","category-news","category-sin-categoria","category-latest-news"],"_links":{"self":[{"href":"https:\/\/www.obispadorqta.org.ar\/v3\/wp-json\/wp\/v2\/posts\/5030","targetHints":{"allow":["GET"]}}],"collection":[{"href":"https:\/\/www.obispadorqta.org.ar\/v3\/wp-json\/wp\/v2\/posts"}],"about":[{"href":"https:\/\/www.obispadorqta.org.ar\/v3\/wp-json\/wp\/v2\/types\/post"}],"author":[{"embeddable":true,"href":"https:\/\/www.obispadorqta.org.ar\/v3\/wp-json\/wp\/v2\/users\/3"}],"replies":[{"embeddable":true,"href":"https:\/\/www.obispadorqta.org.ar\/v3\/wp-json\/wp\/v2\/comments?post=5030"}],"version-history":[{"count":1,"href":"https:\/\/www.obispadorqta.org.ar\/v3\/wp-json\/wp\/v2\/posts\/5030\/revisions"}],"predecessor-version":[{"id":5031,"href":"https:\/\/www.obispadorqta.org.ar\/v3\/wp-json\/wp\/v2\/posts\/5030\/revisions\/5031"}],"wp:featuredmedia":[{"embeddable":true,"href":"https:\/\/www.obispadorqta.org.ar\/v3\/wp-json\/wp\/v2\/media\/4884"}],"wp:attachment":[{"href":"https:\/\/www.obispadorqta.org.ar\/v3\/wp-json\/wp\/v2\/media?parent=5030"}],"wp:term":[{"taxonomy":"category","embeddable":true,"href":"https:\/\/www.obispadorqta.org.ar\/v3\/wp-json\/wp\/v2\/categories?post=5030"},{"taxonomy":"post_tag","embeddable":true,"href":"https:\/\/www.obispadorqta.org.ar\/v3\/wp-json\/wp\/v2\/tags?post=5030"}],"curies":[{"name":"wp","href":"https:\/\/api.w.org\/{rel}","templated":true}]}}