{"id":5033,"date":"2020-03-23T19:46:09","date_gmt":"2020-03-23T22:46:09","guid":{"rendered":"http:\/\/www.obispadorqta.org.ar\/v3\/?p=5033"},"modified":"2020-03-23T19:46:27","modified_gmt":"2020-03-23T22:46:27","slug":"estamos-compartimos-y-nos-sostenemos-juntos-somos-iglesia","status":"publish","type":"post","link":"https:\/\/www.obispadorqta.org.ar\/v3\/estamos-compartimos-y-nos-sostenemos-juntos-somos-iglesia\/","title":{"rendered":"ESTAMOS, COMPARTIMOS Y NOS SOSTENEMOS\u2026 JUNTOS SOMOS IGLESIA."},"content":{"rendered":"<p class=\"western\" align=\"justify\"><a name=\"_GoBack1\"><\/a> En momentos de crisis es donde se ven las mejores actitudes pero tambi\u00e9n las m\u00e1s ego\u00edstas. En estos d\u00edas hemos visto como algunas personas se aprovecharon de beneficios en desmedro de sus compa\u00f1eros incluso de la comunidad entera. Queremos como Iglesia hacer un llamado a todos los laicos a ser testimonio en estos tiempos.<\/p>\n<p class=\"western\" align=\"justify\">El Papa Francisco nos habla de una Fraternidad universal, sentirnos as\u00ed nos hace pensar siempre en el otro, en el mas desprotegido, aquel que debemos cuidar.<\/p>\n<p class=\"western\" align=\"justify\">Por eso queremos hacer un llamado a todos los laicos de nuestra Iglesia Diocesana de Reconquista;<\/p>\n<ul>\n<li>\n<p align=\"justify\">SEAMOS OBEDIENTES a las autoridades, los que podamos quedarnos en casa HAGAMOSLO, sabemos que muchos no pueden que deben salir a trabajar, o para cuidarnos o para brindarnos alg\u00fan servicio.<\/p>\n<\/li>\n<li>\n<p align=\"justify\">SEAMOS RESPONSABLES, no viralicemos informaci\u00f3n de la que no estemos completamente seguros de que esa oficial. Est\u00e1n circulando por las redes videos y mensajes, que lo \u00fanico que hacen es aumentar el p\u00e1nico en la comunidad.<\/p>\n<\/li>\n<li>\n<p align=\"justify\">SEAMOS FUENTE DE ESPERANZA, en este momento seamos nosotros los cristianos quienes demos testimonio de esa esperanza que solo viene de tener puesta toda nuestra confianza en el Dios de la Vida.<\/p>\n<\/li>\n<\/ul>\n<p class=\"western\" align=\"justify\">Recordemos que es ahora el momentos de dejar nuestro individualismo y sentir a la humanidad como nuestra \u00fanica comunidad.<\/p>\n<p class=\"western\" align=\"justify\">Gracias por quedarte en casa, gracias por cuidarlos, gracias por trabajar para que no nos falte nada, cada uno desde su lugar haciendo lo que nos corresponde. Algunos con grandes acciones otros con acciones m\u00e1s peque\u00f1as pero igualmente valiosas.<\/p>\n<p class=\"western\" align=\"justify\"><span style=\"color: #000000;\">\u201c<i><b>Mucha gente peque\u00f1a, en lugares peque\u00f1os, haciendo cosas peque\u00f1as, puede cambiar el mundo\u201d. Eduardo Galeano. <\/b><\/i><\/span><\/p>\n<p class=\"western\" align=\"justify\">\n<p class=\"western\" align=\"right\"><span style=\"color: #000000;\">Gracias por querer hacer del mundo un lugar mejor!!!<\/span><\/p>\n<p align=\"right\">\u00a0<\/p>\n<p class=\"western\" align=\"right\">Mesa de Emergencia Sanitaria Diocesana.<\/p>\n<p class=\"western\" align=\"right\">Equipos Diocesanos de Caritas, Justicia y Paz y Pastora Social.<\/p>\n","protected":false},"excerpt":{"rendered":"<div class=\"mh-excerpt\"><p>En momentos de crisis es donde se ven las mejores actitudes pero tambi\u00e9n las m\u00e1s ego\u00edstas. En estos d\u00edas hemos visto como algunas personas se <a class=\"mh-excerpt-more\" href=\"https:\/\/www.obispadorqta.org.ar\/v3\/estamos-compartimos-y-nos-sostenemos-juntos-somos-iglesia\/\" title=\"ESTAMOS, COMPARTIMOS Y NOS SOSTENEMOS\u2026 JUNTOS SOMOS IGLESIA.\">[&#8230;]<\/a><\/p>\n<\/div>","protected":false},"author":2,"featured_media":5035,"comment_status":"closed","ping_status":"open","sticky":false,"template":"","format":"standard","meta":{"footnotes":""},"categories":[6,28],"tags":[],"class_list":["post-5033","post","type-post","status-publish","format-standard","has-post-thumbnail","hentry","category-news","category-latest-news"],"_links":{"self":[{"href":"https:\/\/www.obispadorqta.org.ar\/v3\/wp-json\/wp\/v2\/posts\/5033","targetHints":{"allow":["GET"]}}],"collection":[{"href":"https:\/\/www.obispadorqta.org.ar\/v3\/wp-json\/wp\/v2\/posts"}],"about":[{"href":"https:\/\/www.obispadorqta.org.ar\/v3\/wp-json\/wp\/v2\/types\/post"}],"author":[{"embeddable":true,"href":"https:\/\/www.obispadorqta.org.ar\/v3\/wp-json\/wp\/v2\/users\/2"}],"replies":[{"embeddable":true,"href":"https:\/\/www.obispadorqta.org.ar\/v3\/wp-json\/wp\/v2\/comments?post=5033"}],"version-history":[{"count":1,"href":"https:\/\/www.obispadorqta.org.ar\/v3\/wp-json\/wp\/v2\/posts\/5033\/revisions"}],"predecessor-version":[{"id":5034,"href":"https:\/\/www.obispadorqta.org.ar\/v3\/wp-json\/wp\/v2\/posts\/5033\/revisions\/5034"}],"wp:featuredmedia":[{"embeddable":true,"href":"https:\/\/www.obispadorqta.org.ar\/v3\/wp-json\/wp\/v2\/media\/5035"}],"wp:attachment":[{"href":"https:\/\/www.obispadorqta.org.ar\/v3\/wp-json\/wp\/v2\/media?parent=5033"}],"wp:term":[{"taxonomy":"category","embeddable":true,"href":"https:\/\/www.obispadorqta.org.ar\/v3\/wp-json\/wp\/v2\/categories?post=5033"},{"taxonomy":"post_tag","embeddable":true,"href":"https:\/\/www.obispadorqta.org.ar\/v3\/wp-json\/wp\/v2\/tags?post=5033"}],"curies":[{"name":"wp","href":"https:\/\/api.w.org\/{rel}","templated":true}]}}