{"id":5037,"date":"2020-03-24T13:00:28","date_gmt":"2020-03-24T16:00:28","guid":{"rendered":"http:\/\/www.obispadorqta.org.ar\/v3\/?p=5037"},"modified":"2020-03-24T13:02:58","modified_gmt":"2020-03-24T16:02:58","slug":"padre-nuestro-junto-al-papa-francisco","status":"publish","type":"post","link":"https:\/\/www.obispadorqta.org.ar\/v3\/padre-nuestro-junto-al-papa-francisco\/","title":{"rendered":"Padre Nuestro junto al Papa Francisco"},"content":{"rendered":"<p style=\"text-align: justify;\">El Papa Francisco invita a todos los cristianos de las distintas confesiones a rezar juntos el Padre Nuestro el mi\u00e9rcoles 25 de marzo, d\u00eda en que recordamos el Anuncio a la Virgen Mar\u00eda de la Encarnaci\u00f3n del Verbo.<\/p>\n<p style=\"text-align: justify;\">Unidos a las 12.00 hs. de Roma, <strong>08:00 hs. de Argentina<\/strong>, rezaremos juntos en este momento de prueba en que la humanidad tiembla por la amenaza de la pandemia.<\/p>\n<p style=\"text-align: justify;\">Ese mismo d\u00eda de la Anunciaci\u00f3n del Se\u00f1or, <strong>a las 12 hs. del mediod\u00eda invitamos a que suenen las campanas de las Iglesias de la Argentina<\/strong> y tambi\u00e9n recemos la oraci\u00f3n que Jes\u00fas nos ense\u00f1o respondiendo y haciendo sentir nuestra cercan\u00eda con las personas m\u00e1s solas y exhaustas.<\/p>\n<p style=\"text-align: justify;\">COMO DI\u00d3CESIS DE RECONQUISTA, ADHERIMOS A ESTA CONVOCATORIA DE ORACI\u00d3N, EN ESTE MOMENTO DIF\u00cdCIL QUE ATRAVESAMOS<\/p>\n","protected":false},"excerpt":{"rendered":"<div class=\"mh-excerpt\"><p>El Papa Francisco invita a todos los cristianos de las distintas confesiones a rezar juntos el Padre Nuestro el mi\u00e9rcoles 25 de marzo, d\u00eda en <a class=\"mh-excerpt-more\" href=\"https:\/\/www.obispadorqta.org.ar\/v3\/padre-nuestro-junto-al-papa-francisco\/\" title=\"Padre Nuestro junto al Papa Francisco\">[&#8230;]<\/a><\/p>\n<\/div>","protected":false},"author":2,"featured_media":5038,"comment_status":"closed","ping_status":"open","sticky":false,"template":"","format":"standard","meta":{"footnotes":""},"categories":[6,28],"tags":[],"class_list":["post-5037","post","type-post","status-publish","format-standard","has-post-thumbnail","hentry","category-news","category-latest-news"],"_links":{"self":[{"href":"https:\/\/www.obispadorqta.org.ar\/v3\/wp-json\/wp\/v2\/posts\/5037","targetHints":{"allow":["GET"]}}],"collection":[{"href":"https:\/\/www.obispadorqta.org.ar\/v3\/wp-json\/wp\/v2\/posts"}],"about":[{"href":"https:\/\/www.obispadorqta.org.ar\/v3\/wp-json\/wp\/v2\/types\/post"}],"author":[{"embeddable":true,"href":"https:\/\/www.obispadorqta.org.ar\/v3\/wp-json\/wp\/v2\/users\/2"}],"replies":[{"embeddable":true,"href":"https:\/\/www.obispadorqta.org.ar\/v3\/wp-json\/wp\/v2\/comments?post=5037"}],"version-history":[{"count":3,"href":"https:\/\/www.obispadorqta.org.ar\/v3\/wp-json\/wp\/v2\/posts\/5037\/revisions"}],"predecessor-version":[{"id":5041,"href":"https:\/\/www.obispadorqta.org.ar\/v3\/wp-json\/wp\/v2\/posts\/5037\/revisions\/5041"}],"wp:featuredmedia":[{"embeddable":true,"href":"https:\/\/www.obispadorqta.org.ar\/v3\/wp-json\/wp\/v2\/media\/5038"}],"wp:attachment":[{"href":"https:\/\/www.obispadorqta.org.ar\/v3\/wp-json\/wp\/v2\/media?parent=5037"}],"wp:term":[{"taxonomy":"category","embeddable":true,"href":"https:\/\/www.obispadorqta.org.ar\/v3\/wp-json\/wp\/v2\/categories?post=5037"},{"taxonomy":"post_tag","embeddable":true,"href":"https:\/\/www.obispadorqta.org.ar\/v3\/wp-json\/wp\/v2\/tags?post=5037"}],"curies":[{"name":"wp","href":"https:\/\/api.w.org\/{rel}","templated":true}]}}