{"id":5042,"date":"2020-03-25T11:36:35","date_gmt":"2020-03-25T14:36:35","guid":{"rendered":"http:\/\/www.obispadorqta.org.ar\/v3\/?p=5042"},"modified":"2020-03-25T11:39:14","modified_gmt":"2020-03-25T14:39:14","slug":"bendicion-urbi-et-orbi","status":"publish","type":"post","link":"https:\/\/www.obispadorqta.org.ar\/v3\/bendicion-urbi-et-orbi\/","title":{"rendered":"BENDICI\u00d3N URBI ET ORBI"},"content":{"rendered":"<p style=\"text-align: justify;\">La Secretar\u00eda de Estado Vaticana, mediante la Nunciatura Apost\u00f3lica en la Argentina, pide que por todos los medios de comunicaci\u00f3n social disponibles, se pueda invitar a los fieles cat\u00f3licos y cristianos de otras confesiones a participar en la oraci\u00f3n deseada por el Santo Padre, el <strong>viernes 27 de marzo<\/strong> del presente mes, en el atrio de la Bas\u00edlica de San Pedro.<\/p>\n<p style=\"text-align: justify;\">Durante la <em>Statio orbis<\/em> que se transmitir\u00e1 en <em>Mondovisione<\/em> y en <em>Vatican News<\/em>, a las <strong>18.00 horas de Roma (14.00 horas de Argentina)<\/strong>, el Santo Padre otorgar\u00e1 a todos los participantes la Indulgencia Plenaria y se les dar\u00e1 la Bendici\u00f3n<em> Urbi et Orbi (a la ciudad y al mundo)<\/em>.<\/p>\n","protected":false},"excerpt":{"rendered":"<div class=\"mh-excerpt\"><p>La Secretar\u00eda de Estado Vaticana, mediante la Nunciatura Apost\u00f3lica en la Argentina, pide que por todos los medios de comunicaci\u00f3n social disponibles, se pueda invitar <a class=\"mh-excerpt-more\" href=\"https:\/\/www.obispadorqta.org.ar\/v3\/bendicion-urbi-et-orbi\/\" title=\"BENDICI\u00d3N URBI ET ORBI\">[&#8230;]<\/a><\/p>\n<\/div>","protected":false},"author":2,"featured_media":5045,"comment_status":"closed","ping_status":"open","sticky":false,"template":"","format":"standard","meta":{"footnotes":""},"categories":[6,28],"tags":[],"class_list":["post-5042","post","type-post","status-publish","format-standard","has-post-thumbnail","hentry","category-news","category-latest-news"],"_links":{"self":[{"href":"https:\/\/www.obispadorqta.org.ar\/v3\/wp-json\/wp\/v2\/posts\/5042","targetHints":{"allow":["GET"]}}],"collection":[{"href":"https:\/\/www.obispadorqta.org.ar\/v3\/wp-json\/wp\/v2\/posts"}],"about":[{"href":"https:\/\/www.obispadorqta.org.ar\/v3\/wp-json\/wp\/v2\/types\/post"}],"author":[{"embeddable":true,"href":"https:\/\/www.obispadorqta.org.ar\/v3\/wp-json\/wp\/v2\/users\/2"}],"replies":[{"embeddable":true,"href":"https:\/\/www.obispadorqta.org.ar\/v3\/wp-json\/wp\/v2\/comments?post=5042"}],"version-history":[{"count":2,"href":"https:\/\/www.obispadorqta.org.ar\/v3\/wp-json\/wp\/v2\/posts\/5042\/revisions"}],"predecessor-version":[{"id":5046,"href":"https:\/\/www.obispadorqta.org.ar\/v3\/wp-json\/wp\/v2\/posts\/5042\/revisions\/5046"}],"wp:featuredmedia":[{"embeddable":true,"href":"https:\/\/www.obispadorqta.org.ar\/v3\/wp-json\/wp\/v2\/media\/5045"}],"wp:attachment":[{"href":"https:\/\/www.obispadorqta.org.ar\/v3\/wp-json\/wp\/v2\/media?parent=5042"}],"wp:term":[{"taxonomy":"category","embeddable":true,"href":"https:\/\/www.obispadorqta.org.ar\/v3\/wp-json\/wp\/v2\/categories?post=5042"},{"taxonomy":"post_tag","embeddable":true,"href":"https:\/\/www.obispadorqta.org.ar\/v3\/wp-json\/wp\/v2\/tags?post=5042"}],"curies":[{"name":"wp","href":"https:\/\/api.w.org\/{rel}","templated":true}]}}