{"id":5047,"date":"2020-03-27T18:04:20","date_gmt":"2020-03-27T21:04:20","guid":{"rendered":"http:\/\/www.obispadorqta.org.ar\/v3\/?p=5047"},"modified":"2020-03-27T18:07:02","modified_gmt":"2020-03-27T21:07:02","slug":"novena-cuaresmal-ecumenica","status":"publish","type":"post","link":"https:\/\/www.obispadorqta.org.ar\/v3\/novena-cuaresmal-ecumenica\/","title":{"rendered":"Novena Cuaresmal Ecum\u00e9nica"},"content":{"rendered":"<p style=\"text-align: center;\"><em>Estamos, compartimos y nos acompa\u00f1amos&#8230; juntos como Iglesia.<\/em><\/p>\n<p style=\"text-align: justify;\">Ante la dif\u00edcil realidad que actualmente atravesamos, la Mesa de Emergencia Sanitaria Diocesana, invita a todos los fieles de la Di\u00f3cesis de Reconquista a rezar una Novena Cuaresmal Ecum\u00e9nica, que compartimos a continuaci\u00f3n.<\/p>\n<p style=\"text-align: justify;\">En el transcurso de la misma, d\u00eda a d\u00eda, iremos actualizando con diferentes im\u00e1genes, referidas a la intenci\u00f3n que corresponda.<\/p>\n<p style=\"text-align: justify;\">Seguimos unidos en la oraci\u00f3n y pedimos a Jesucristo, luz del mundo, por todos los afectados por las circunstancias actuales.<\/p>\n<p><strong>Oraci\u00f3n inicial para todos los d\u00edas.<\/strong><\/p>\n<p style=\"text-align: center;\">Padre de todos: t\u00fa nos has a llamado a ser un solo reba\u00f1o en tu hijo, Jesucristo.<br \/>\n\u00c9l es el buen pastor que nos invita a descansar en verdes pastos, nos lleva a aguas tranquilas<br \/>\ny restaura nuestras almas. Haz que sigui\u00e9ndole, podamos ser signos para otros para que<br \/>\ntodos vean en nosotros el amor de un solo y verdadero pastor, nuestro se\u00f1or Jesucristo, que<br \/>\nvive y reina contigo y el esp\u00edritu santo por los siglos de los siglos, am\u00e9n.<\/p>\n<p style=\"text-align: justify;\"><strong>D\u00eda 1:<\/strong><\/p>\n<p style=\"text-align: justify;\">Comenzamos con la oraci\u00f3n inicial para todos los d\u00edas.<\/p>\n<p style=\"text-align: justify;\">\u25cf Ponemos en tus manos, en este primer d\u00eda, a todas personas de nuestra comunidad<br \/>\nque est\u00e1n sufriendo el flagelo de la enfermedad.<\/p>\n<p style=\"text-align: justify;\">Te pedimos Se\u00f1or, podamos llevar la gracia sanadora del evangelio, a todos los que sufren.<br \/>\nTe pedimos que nuestro caminar sea un ir de verdad con convicci\u00f3n para llevar tu amor.<\/p>\n<p style=\"text-align: justify;\">Rezamos: Padre Nuestro<\/p>\n<p style=\"text-align: justify;\"><strong>D\u00eda 2:<\/strong><\/p>\n<p style=\"text-align: justify;\">Comenzamos con la oraci\u00f3n inicial para todos los d\u00edas.<\/p>\n<p style=\"text-align: justify;\">\u25cf Ponemos en tus manos, los Trabajadores de salud y las fuerzas de seguridad, que en medio de esta emergencia sanitaria est\u00e1n al frente cuid\u00e1ndonos a todos.<\/p>\n<p style=\"text-align: justify;\">Te pedimos que la caridad de estos agentes sea bendecida y acompa\u00f1ada por tu protecci\u00f3n, superando las barreras de las sospechas y el miedo.<\/p>\n<p style=\"text-align: justify;\">Rezamos: Padre Nuestro<\/p>\n<p style=\"text-align: justify;\"><strong>D\u00eda: 3<\/strong><\/p>\n<p style=\"text-align: justify;\">Comenzamos con la oraci\u00f3n inicial para todos los d\u00edas.<\/p>\n<p style=\"text-align: justify;\">\u25cf Ponemos en tus manos las personas que no tienen trabajo.<\/p>\n<p style=\"text-align: justify;\">Te pedimos para que la realidad no los desanime, y conservan intacta sus esperanza en el futuro.<\/p>\n<p style=\"text-align: justify;\">Rezamos: Padre Nuestro<\/p>\n<p style=\"text-align: justify;\"><strong>D\u00eda: 4<\/strong><\/p>\n<p style=\"text-align: justify;\">Comenzamos con la oraci\u00f3n inicial para todos los d\u00edas.<\/p>\n<p style=\"text-align: justify;\">\u25cf Ponemos en tus manos los empleados de comercios, farmacias y transportistas.<\/p>\n<p style=\"text-align: justify;\">Te pedimos que los protejas y bendigas. Agradecemos su servicio y su tiempo para que todos podamos contar con los suministros necesario.<\/p>\n<p style=\"text-align: justify;\">Rezamos: Padre Nuestro<\/p>\n<p style=\"text-align: justify;\"><strong>D\u00eda: 5<\/strong><\/p>\n<p style=\"text-align: justify;\">Comenzamos con la oraci\u00f3n inicial para todos los d\u00edas.<\/p>\n<p style=\"text-align: justify;\">\u25cf Ponemos en tus manos a los Funcionarios P\u00fablicos y de la Justicia y al personal de municipios y comunas.<\/p>\n<p style=\"text-align: justify;\">Te pedimos que ilumines sus pensamientos y acciones, para que puedan tomar decisiones que sean para el bien com\u00fan.<\/p>\n<p style=\"text-align: justify;\">Rezamos: Padre Nuestro<\/p>\n<p style=\"text-align: justify;\"><strong>D\u00eda 6:<\/strong><\/p>\n<p style=\"text-align: justify;\">Comenzamos con la oraci\u00f3n inicial para todos los d\u00edas.<\/p>\n<p style=\"text-align: justify;\">\u25cf Ponemos en tus manos aquellos que est\u00e1n solos, sin un techo, los que est\u00e1n privados de su libertad, los que viven en extrema vulnerabilidad.<\/p>\n<p style=\"text-align: justify;\">Te pedimos Se\u00f1or, no los desampares en ning\u00fan momento. Que obres en nuestros corazones, ayud\u00e1ndonos a recuperar lazos de uni\u00f3n y solidaridad, y que nuestras manos se conviertan en sost\u00e9n, caricia y abrigo.<\/p>\n<p style=\"text-align: justify;\">Rezamos: Padre Nuestro<\/p>\n<p style=\"text-align: justify;\"><strong>D\u00eda: 7<\/strong><\/p>\n<p style=\"text-align: justify;\">Comenzamos con la oraci\u00f3n inicial para todos los d\u00edas.<\/p>\n<p style=\"text-align: justify;\">\u2022 Ponemos en tus manos a los comunicadores y personal de prensa.<\/p>\n<p style=\"text-align: justify;\">Te pedimos Se\u00f1or para que los bendigas y protejas. Para que gu\u00edes su vocaci\u00f3n por los caminos de la verdad y la Justicia.<\/p>\n<p style=\"text-align: justify;\">Rezamos: Padre Nuestro<\/p>\n<p style=\"text-align: justify;\"><strong>D\u00eda: 8<\/strong><\/p>\n<p style=\"text-align: justify;\">Comenzamos con la oraci\u00f3n inicial para todos los d\u00edas.<\/p>\n<p style=\"text-align: justify;\">\u25cf Ponemos en tus manos los directivos, maestros y asistentes escolares.<\/p>\n<p style=\"text-align: justify;\">Te pedimos Se\u00f1or, bendigas su tarea, su misi\u00f3n y su vocaci\u00f3n.<\/p>\n<p style=\"text-align: justify;\">Rezamos: Padre Nuestro<\/p>\n<p style=\"text-align: justify;\"><strong>D\u00eda: 9<\/strong><\/p>\n<p style=\"text-align: justify;\">Comenzamos con la oraci\u00f3n inicial para todos los d\u00edas.<\/p>\n<p style=\"text-align: justify;\">\u25cf Ponemos en tus manos al pueblo Argentino.<\/p>\n<p style=\"text-align: justify;\">Te Rogamos Se\u00f1or, por todos nosotros, para que caminemos como verdadero pueblo de Dios, acompa\u00f1\u00e1ndonos y sosteni\u00e9ndonos, fomentando la Paz y el Amor.<\/p>\n<p style=\"text-align: justify;\">Rezamos: Padre Nuestro<\/p>\n","protected":false},"excerpt":{"rendered":"<div class=\"mh-excerpt\"><p>Estamos, compartimos y nos acompa\u00f1amos&#8230; juntos como Iglesia. Ante la dif\u00edcil realidad que actualmente atravesamos, la Mesa de Emergencia Sanitaria Diocesana, invita a todos los <a class=\"mh-excerpt-more\" href=\"https:\/\/www.obispadorqta.org.ar\/v3\/novena-cuaresmal-ecumenica\/\" title=\"Novena Cuaresmal Ecum\u00e9nica\">[&#8230;]<\/a><\/p>\n<\/div>","protected":false},"author":2,"featured_media":5052,"comment_status":"closed","ping_status":"open","sticky":false,"template":"","format":"standard","meta":{"footnotes":""},"categories":[6,28],"tags":[],"class_list":["post-5047","post","type-post","status-publish","format-standard","has-post-thumbnail","hentry","category-news","category-latest-news"],"_links":{"self":[{"href":"https:\/\/www.obispadorqta.org.ar\/v3\/wp-json\/wp\/v2\/posts\/5047","targetHints":{"allow":["GET"]}}],"collection":[{"href":"https:\/\/www.obispadorqta.org.ar\/v3\/wp-json\/wp\/v2\/posts"}],"about":[{"href":"https:\/\/www.obispadorqta.org.ar\/v3\/wp-json\/wp\/v2\/types\/post"}],"author":[{"embeddable":true,"href":"https:\/\/www.obispadorqta.org.ar\/v3\/wp-json\/wp\/v2\/users\/2"}],"replies":[{"embeddable":true,"href":"https:\/\/www.obispadorqta.org.ar\/v3\/wp-json\/wp\/v2\/comments?post=5047"}],"version-history":[{"count":10,"href":"https:\/\/www.obispadorqta.org.ar\/v3\/wp-json\/wp\/v2\/posts\/5047\/revisions"}],"predecessor-version":[{"id":5061,"href":"https:\/\/www.obispadorqta.org.ar\/v3\/wp-json\/wp\/v2\/posts\/5047\/revisions\/5061"}],"wp:featuredmedia":[{"embeddable":true,"href":"https:\/\/www.obispadorqta.org.ar\/v3\/wp-json\/wp\/v2\/media\/5052"}],"wp:attachment":[{"href":"https:\/\/www.obispadorqta.org.ar\/v3\/wp-json\/wp\/v2\/media?parent=5047"}],"wp:term":[{"taxonomy":"category","embeddable":true,"href":"https:\/\/www.obispadorqta.org.ar\/v3\/wp-json\/wp\/v2\/categories?post=5047"},{"taxonomy":"post_tag","embeddable":true,"href":"https:\/\/www.obispadorqta.org.ar\/v3\/wp-json\/wp\/v2\/tags?post=5047"}],"curies":[{"name":"wp","href":"https:\/\/api.w.org\/{rel}","templated":true}]}}