{"id":5062,"date":"2020-03-28T06:30:00","date_gmt":"2020-03-28T09:30:00","guid":{"rendered":"http:\/\/www.obispadorqta.org.ar\/v3\/?p=5062"},"modified":"2020-03-28T02:13:06","modified_gmt":"2020-03-28T05:13:06","slug":"novena-cuaresmal-ecumenica-dia-1","status":"publish","type":"post","link":"https:\/\/www.obispadorqta.org.ar\/v3\/novena-cuaresmal-ecumenica-dia-1\/","title":{"rendered":"Novena Cuaresmal Ecum\u00e9nica: d\u00eda 1"},"content":{"rendered":"\n<figure class=\"wp-block-image size-large is-resized\"><img loading=\"lazy\" decoding=\"async\" src=\"https:\/\/www.obispadorqta.org.ar\/v3\/wp-content\/uploads\/2020\/03\/IMG-20200327-WA0019.jpg\" alt=\"\" class=\"wp-image-5064\" width=\"689\" height=\"488\" srcset=\"https:\/\/www.obispadorqta.org.ar\/v3\/wp-content\/uploads\/2020\/03\/IMG-20200327-WA0019.jpg 400w, https:\/\/www.obispadorqta.org.ar\/v3\/wp-content\/uploads\/2020\/03\/IMG-20200327-WA0019-300x212.jpg 300w\" sizes=\"auto, (max-width: 689px) 100vw, 689px\" \/><\/figure>\n\n\n\n<figure class=\"wp-block-image size-large is-resized\"><img loading=\"lazy\" decoding=\"async\" src=\"https:\/\/www.obispadorqta.org.ar\/v3\/wp-content\/uploads\/2020\/03\/IMG-20200327-WA0018.jpg\" alt=\"\" class=\"wp-image-5065\" width=\"687\" height=\"486\" srcset=\"https:\/\/www.obispadorqta.org.ar\/v3\/wp-content\/uploads\/2020\/03\/IMG-20200327-WA0018.jpg 400w, https:\/\/www.obispadorqta.org.ar\/v3\/wp-content\/uploads\/2020\/03\/IMG-20200327-WA0018-300x212.jpg 300w\" sizes=\"auto, (max-width: 687px) 100vw, 687px\" \/><\/figure>\n\n\n\n<figure class=\"wp-block-embed-youtube wp-block-embed is-type-video is-provider-youtube wp-embed-aspect-4-3 wp-has-aspect-ratio\"><div class=\"wp-block-embed__wrapper\">\n<iframe loading=\"lazy\" title=\"Mensaje de nuestro Obispo Diocesano, Mons  \u00c1ngel Jos\u00e9 Mac\u00edn D\u00eda 1\" width=\"500\" height=\"375\" src=\"https:\/\/www.youtube.com\/embed\/79ik-jifDkQ?feature=oembed\" frameborder=\"0\" allow=\"accelerometer; autoplay; clipboard-write; encrypted-media; gyroscope; picture-in-picture; web-share\" referrerpolicy=\"strict-origin-when-cross-origin\" allowfullscreen><\/iframe>\n<\/div><\/figure>\n","protected":false},"excerpt":{"rendered":"<div class=\"mh-excerpt\"><\/div>","protected":false},"author":2,"featured_media":5063,"comment_status":"closed","ping_status":"open","sticky":false,"template":"","format":"standard","meta":{"footnotes":""},"categories":[6,28],"tags":[],"class_list":["post-5062","post","type-post","status-publish","format-standard","has-post-thumbnail","hentry","category-news","category-latest-news"],"_links":{"self":[{"href":"https:\/\/www.obispadorqta.org.ar\/v3\/wp-json\/wp\/v2\/posts\/5062","targetHints":{"allow":["GET"]}}],"collection":[{"href":"https:\/\/www.obispadorqta.org.ar\/v3\/wp-json\/wp\/v2\/posts"}],"about":[{"href":"https:\/\/www.obispadorqta.org.ar\/v3\/wp-json\/wp\/v2\/types\/post"}],"author":[{"embeddable":true,"href":"https:\/\/www.obispadorqta.org.ar\/v3\/wp-json\/wp\/v2\/users\/2"}],"replies":[{"embeddable":true,"href":"https:\/\/www.obispadorqta.org.ar\/v3\/wp-json\/wp\/v2\/comments?post=5062"}],"version-history":[{"count":6,"href":"https:\/\/www.obispadorqta.org.ar\/v3\/wp-json\/wp\/v2\/posts\/5062\/revisions"}],"predecessor-version":[{"id":5071,"href":"https:\/\/www.obispadorqta.org.ar\/v3\/wp-json\/wp\/v2\/posts\/5062\/revisions\/5071"}],"wp:featuredmedia":[{"embeddable":true,"href":"https:\/\/www.obispadorqta.org.ar\/v3\/wp-json\/wp\/v2\/media\/5063"}],"wp:attachment":[{"href":"https:\/\/www.obispadorqta.org.ar\/v3\/wp-json\/wp\/v2\/media?parent=5062"}],"wp:term":[{"taxonomy":"category","embeddable":true,"href":"https:\/\/www.obispadorqta.org.ar\/v3\/wp-json\/wp\/v2\/categories?post=5062"},{"taxonomy":"post_tag","embeddable":true,"href":"https:\/\/www.obispadorqta.org.ar\/v3\/wp-json\/wp\/v2\/tags?post=5062"}],"curies":[{"name":"wp","href":"https:\/\/api.w.org\/{rel}","templated":true}]}}