{"id":5079,"date":"2020-03-30T06:00:00","date_gmt":"2020-03-30T09:00:00","guid":{"rendered":"http:\/\/www.obispadorqta.org.ar\/v3\/?p=5079"},"modified":"2020-03-29T21:17:11","modified_gmt":"2020-03-30T00:17:11","slug":"novena-cuaresmal-ecumenica-dia-3","status":"publish","type":"post","link":"https:\/\/www.obispadorqta.org.ar\/v3\/novena-cuaresmal-ecumenica-dia-3\/","title":{"rendered":"Novena Cuaresmal Ecum\u00e9nica: d\u00eda 3"},"content":{"rendered":"\n<figure class=\"wp-block-image size-large\"><img loading=\"lazy\" decoding=\"async\" width=\"1024\" height=\"726\" src=\"https:\/\/www.obispadorqta.org.ar\/v3\/wp-content\/uploads\/2020\/03\/IMG-20200327-WA0019-1-1024x726.jpg\" alt=\"\" class=\"wp-image-5075\" srcset=\"https:\/\/www.obispadorqta.org.ar\/v3\/wp-content\/uploads\/2020\/03\/IMG-20200327-WA0019-1-1024x726.jpg 1024w, https:\/\/www.obispadorqta.org.ar\/v3\/wp-content\/uploads\/2020\/03\/IMG-20200327-WA0019-1-300x213.jpg 300w, https:\/\/www.obispadorqta.org.ar\/v3\/wp-content\/uploads\/2020\/03\/IMG-20200327-WA0019-1-768x545.jpg 768w, https:\/\/www.obispadorqta.org.ar\/v3\/wp-content\/uploads\/2020\/03\/IMG-20200327-WA0019-1.jpg 1280w\" sizes=\"auto, (max-width: 1024px) 100vw, 1024px\" \/><\/figure>\n\n\n\n<figure class=\"wp-block-image size-large\"><img loading=\"lazy\" decoding=\"async\" width=\"1024\" height=\"726\" src=\"https:\/\/www.obispadorqta.org.ar\/v3\/wp-content\/uploads\/2020\/03\/IMG-20200329-WA0011-1024x726.jpg\" alt=\"\" class=\"wp-image-5081\" srcset=\"https:\/\/www.obispadorqta.org.ar\/v3\/wp-content\/uploads\/2020\/03\/IMG-20200329-WA0011-1024x726.jpg 1024w, https:\/\/www.obispadorqta.org.ar\/v3\/wp-content\/uploads\/2020\/03\/IMG-20200329-WA0011-300x213.jpg 300w, https:\/\/www.obispadorqta.org.ar\/v3\/wp-content\/uploads\/2020\/03\/IMG-20200329-WA0011-768x545.jpg 768w, https:\/\/www.obispadorqta.org.ar\/v3\/wp-content\/uploads\/2020\/03\/IMG-20200329-WA0011.jpg 1280w\" sizes=\"auto, (max-width: 1024px) 100vw, 1024px\" \/><\/figure>\n\n\n\n<figure class=\"wp-block-embed-youtube wp-block-embed is-type-video is-provider-youtube wp-embed-aspect-4-3 wp-has-aspect-ratio\"><div class=\"wp-block-embed__wrapper\">\n<iframe loading=\"lazy\" title=\"Mensaje de nuestro Obispo Diocesano, Mons \u00c1ngel Jos\u00e9 Mac\u00edn D\u00eda 3\" width=\"500\" height=\"375\" src=\"https:\/\/www.youtube.com\/embed\/fLwPvjBvjig?feature=oembed\" frameborder=\"0\" allow=\"accelerometer; autoplay; clipboard-write; encrypted-media; gyroscope; picture-in-picture; web-share\" referrerpolicy=\"strict-origin-when-cross-origin\" allowfullscreen><\/iframe>\n<\/div><\/figure>\n","protected":false},"excerpt":{"rendered":"<div class=\"mh-excerpt\"><\/div>","protected":false},"author":2,"featured_media":5063,"comment_status":"open","ping_status":"open","sticky":false,"template":"","format":"standard","meta":{"footnotes":""},"categories":[6,28],"tags":[88],"class_list":["post-5079","post","type-post","status-publish","format-standard","has-post-thumbnail","hentry","category-news","category-latest-news","tag-mons-angel-jose-macin"],"_links":{"self":[{"href":"https:\/\/www.obispadorqta.org.ar\/v3\/wp-json\/wp\/v2\/posts\/5079","targetHints":{"allow":["GET"]}}],"collection":[{"href":"https:\/\/www.obispadorqta.org.ar\/v3\/wp-json\/wp\/v2\/posts"}],"about":[{"href":"https:\/\/www.obispadorqta.org.ar\/v3\/wp-json\/wp\/v2\/types\/post"}],"author":[{"embeddable":true,"href":"https:\/\/www.obispadorqta.org.ar\/v3\/wp-json\/wp\/v2\/users\/2"}],"replies":[{"embeddable":true,"href":"https:\/\/www.obispadorqta.org.ar\/v3\/wp-json\/wp\/v2\/comments?post=5079"}],"version-history":[{"count":2,"href":"https:\/\/www.obispadorqta.org.ar\/v3\/wp-json\/wp\/v2\/posts\/5079\/revisions"}],"predecessor-version":[{"id":5082,"href":"https:\/\/www.obispadorqta.org.ar\/v3\/wp-json\/wp\/v2\/posts\/5079\/revisions\/5082"}],"wp:featuredmedia":[{"embeddable":true,"href":"https:\/\/www.obispadorqta.org.ar\/v3\/wp-json\/wp\/v2\/media\/5063"}],"wp:attachment":[{"href":"https:\/\/www.obispadorqta.org.ar\/v3\/wp-json\/wp\/v2\/media?parent=5079"}],"wp:term":[{"taxonomy":"category","embeddable":true,"href":"https:\/\/www.obispadorqta.org.ar\/v3\/wp-json\/wp\/v2\/categories?post=5079"},{"taxonomy":"post_tag","embeddable":true,"href":"https:\/\/www.obispadorqta.org.ar\/v3\/wp-json\/wp\/v2\/tags?post=5079"}],"curies":[{"name":"wp","href":"https:\/\/api.w.org\/{rel}","templated":true}]}}