{"id":5086,"date":"2020-03-31T16:57:28","date_gmt":"2020-03-31T19:57:28","guid":{"rendered":"http:\/\/www.obispadorqta.org.ar\/v3\/?p=5086"},"modified":"2020-03-31T17:27:16","modified_gmt":"2020-03-31T20:27:16","slug":"informaciones-semana-santa","status":"publish","type":"post","link":"https:\/\/www.obispadorqta.org.ar\/v3\/informaciones-semana-santa\/","title":{"rendered":"Informaciones Semana Santa"},"content":{"rendered":"<p style=\"text-align: justify;\">Queridos hermanos y hermanas:<\/p>\n<p style=\"text-align: justify;\">&nbsp; &nbsp; &nbsp;Teniendo en cuenta la prolongaci\u00f3n del Aislamiento Preventivo Obligatorio, habiendo consultado a los sacerdotes y a las autoridades civiles, y con la recomendaci\u00f3n de la Santa Sede y la Conferencia Episcopal Argentina, <strong>he decidido postergar la celebraci\u00f3n de la Misa Crismal<\/strong>, y trasladarla a una fecha que resulte m\u00e1s conveniente para todos, que se decidir\u00e1 y comunicar\u00e1 oportunamente.<\/p>\n<p style=\"text-align: justify;\">&nbsp; &nbsp; &nbsp;Por otra parte, invito a los fieles a seguir las celebraciones principales de la Semana Santa por la Radio, la TV y otros medios digitales. El Domingo de Ramos, cada familia puede tomar algunas peque\u00f1as ramas de olivo u otros \u00e1rboles que tengan en sus casas, que ser\u00e1n bendecidos cuando participen a distancia de algunas de estas celebraciones. Algo similar se puede hacer para la Vigilia Pascual. Pueden tomar una botella de agua, que ser\u00e1 bendecida por el sacerdote que presida la Misa que sigan. No es recomendable que bendigan ramas o agua en exceso. Si as\u00ed lo acostumbran, lo podr\u00e1n hacer en alg\u00fan otro momento del a\u00f1o.<\/p>\n<p style=\"text-align: justify;\">&nbsp; &nbsp; &nbsp;En cuanto al Domingo de Pascua, la Conferencia Episcopal Argentina ha dispensado del precepto de comulgar. Por lo tanto, en las Iglesias no se distribuir\u00e1 la Sagrada Eucarist\u00eda ese d\u00eda. Lo podr\u00e1n hacer durante el tiempo pascual, o en otro momento, cuando las condiciones lo permitan (cf. C\u00f3digo de Derecho Can\u00f3nico 920). Otras informaciones m\u00e1s concretas (horarios, etc.), las recibir\u00e1n por los medios habituales.<\/p>\n<p style=\"text-align: justify;\">&nbsp; &nbsp; &nbsp;Son d\u00edas dif\u00edciles para todos, especialmente para aquellos que est\u00e1n enfermos. Quienes podemos, tratemos de vivirlos qued\u00e1ndonos en casa, peque\u00f1o santuario dom\u00e9stico, con esp\u00edritu de recogimiento y oraci\u00f3n, y pidiendo fortaleza y esperanza. No dejemos de rezar el rosario, el via crucis y otras pr\u00e1cticas de piedad que son parte de nuestra herencia m\u00e1s valiosa como Pueblo de Dios. Y recordemos que el centro de la Semana Santa es Cristo, \u201c<strong>quien habiendo ofrecido un solo sacrificio por los pecados para siempre, est\u00e1 sentado a la derecha del Padre<\/strong>\u201d (Heb 10,12). No perdamos de vista lo esencial. Los saludo con afecto de Padre y Pastor.<\/p>\n<p style=\"text-align: justify;\">&nbsp; &nbsp; &nbsp;Sede Episcopal de Reconquista, 31 de Marzo de 2020.<\/p>\n<p style=\"text-align: right;\"><strong>Mons. \u00c1ngel Jos\u00e9 Mac\u00edn<\/strong><\/p>\n<p style=\"text-align: right;\"><strong>Obispo de Reconquista<\/strong><\/p>\n","protected":false},"excerpt":{"rendered":"<div class=\"mh-excerpt\"><p>Queridos hermanos y hermanas: &nbsp; &nbsp; &nbsp;Teniendo en cuenta la prolongaci\u00f3n del Aislamiento Preventivo Obligatorio, habiendo consultado a los sacerdotes y a las autoridades civiles, <a class=\"mh-excerpt-more\" href=\"https:\/\/www.obispadorqta.org.ar\/v3\/informaciones-semana-santa\/\" title=\"Informaciones Semana Santa\">[&#8230;]<\/a><\/p>\n<\/div>","protected":false},"author":2,"featured_media":5096,"comment_status":"closed","ping_status":"open","sticky":false,"template":"","format":"standard","meta":{"footnotes":""},"categories":[6,28],"tags":[88],"class_list":["post-5086","post","type-post","status-publish","format-standard","has-post-thumbnail","hentry","category-news","category-latest-news","tag-mons-angel-jose-macin"],"_links":{"self":[{"href":"https:\/\/www.obispadorqta.org.ar\/v3\/wp-json\/wp\/v2\/posts\/5086","targetHints":{"allow":["GET"]}}],"collection":[{"href":"https:\/\/www.obispadorqta.org.ar\/v3\/wp-json\/wp\/v2\/posts"}],"about":[{"href":"https:\/\/www.obispadorqta.org.ar\/v3\/wp-json\/wp\/v2\/types\/post"}],"author":[{"embeddable":true,"href":"https:\/\/www.obispadorqta.org.ar\/v3\/wp-json\/wp\/v2\/users\/2"}],"replies":[{"embeddable":true,"href":"https:\/\/www.obispadorqta.org.ar\/v3\/wp-json\/wp\/v2\/comments?post=5086"}],"version-history":[{"count":4,"href":"https:\/\/www.obispadorqta.org.ar\/v3\/wp-json\/wp\/v2\/posts\/5086\/revisions"}],"predecessor-version":[{"id":5097,"href":"https:\/\/www.obispadorqta.org.ar\/v3\/wp-json\/wp\/v2\/posts\/5086\/revisions\/5097"}],"wp:featuredmedia":[{"embeddable":true,"href":"https:\/\/www.obispadorqta.org.ar\/v3\/wp-json\/wp\/v2\/media\/5096"}],"wp:attachment":[{"href":"https:\/\/www.obispadorqta.org.ar\/v3\/wp-json\/wp\/v2\/media?parent=5086"}],"wp:term":[{"taxonomy":"category","embeddable":true,"href":"https:\/\/www.obispadorqta.org.ar\/v3\/wp-json\/wp\/v2\/categories?post=5086"},{"taxonomy":"post_tag","embeddable":true,"href":"https:\/\/www.obispadorqta.org.ar\/v3\/wp-json\/wp\/v2\/tags?post=5086"}],"curies":[{"name":"wp","href":"https:\/\/api.w.org\/{rel}","templated":true}]}}